{"id":16705,"date":"2006-04-03T14:44:00","date_gmt":"2006-04-03T14:44:00","guid":{"rendered":"http:\/\/localhost:81\/wp1\/?p=16705"},"modified":"2006-04-03T14:44:00","modified_gmt":"2006-04-03T14:44:00","slug":"duas-filas","status":"publish","type":"post","link":"https:\/\/sites.ecclesia.pt\/cv\/duas-filas\/","title":{"rendered":"Duas filas"},"content":{"rendered":"<p>Olho de Lince <!--more--> Algu\u00e9m me chamou a aten\u00e7\u00e3o para o facto. Sem detalhes: tratava-se de salvar a vida de uma jovem parturiente, com necessidade de um transplante de medula. O apelo fora lan\u00e7ado num dos canais da televis\u00e3o.<\/p>\n<p>Desde aquela m\u00e3e, que achava perfeitamente normal poder oferecer a outra m\u00e3e a possibilidade de pegar no seu beb\u00e9 ao colo, at\u00e9 ao jovem de dezoito anos que considerava normal esta forma de solidariedade, foi uma incont\u00e1vel fila de gente (cerca de tr\u00eas mil) que se disp\u00f4s a fazer testes, a fim de se encontrar dador compat\u00edvel. \u00c9 fant\u00e1stica esta mobiliza\u00e7\u00e3o para dar do que n\u00e3o faz falta e pode salvar a vida a outros! \u00c9 um sinal de profunda marca da caridade crist\u00e3!<\/p>\n<p>Outras filas, de muitas centenas de pessoas, se fizeram, em v\u00e1rios locais, em loucas vig\u00edlias, para comprar bilhetes para um concerto, a realizar em meados do Ver\u00e3o\u2026 Sem desprest\u00edgio pela m\u00fasica \u2013 e oxal\u00e1 que ela valha! &#8211; n\u00e3o t\u00eam nada que ver estas filas com a fila da solidariedade!<\/p>\n<p>Q.S.<\/p>\n","protected":false},"excerpt":{"rendered":"<p>Olho de Lince<\/p>\n","protected":false},"author":1,"featured_media":0,"comment_status":"open","ping_status":"open","sticky":false,"template":"","format":"standard","meta":{"footnotes":""},"categories":[48],"tags":[],"class_list":["post-16705","post","type-post","status-publish","format-standard","hentry","category-espaco-comum"],"_links":{"self":[{"href":"https:\/\/sites.ecclesia.pt\/cv\/wp-json\/wp\/v2\/posts\/16705","targetHints":{"allow":["GET"]}}],"collection":[{"href":"https:\/\/sites.ecclesia.pt\/cv\/wp-json\/wp\/v2\/posts"}],"about":[{"href":"https:\/\/sites.ecclesia.pt\/cv\/wp-json\/wp\/v2\/types\/post"}],"author":[{"embeddable":true,"href":"https:\/\/sites.ecclesia.pt\/cv\/wp-json\/wp\/v2\/users\/1"}],"replies":[{"embeddable":true,"href":"https:\/\/sites.ecclesia.pt\/cv\/wp-json\/wp\/v2\/comments?post=16705"}],"version-history":[{"count":0,"href":"https:\/\/sites.ecclesia.pt\/cv\/wp-json\/wp\/v2\/posts\/16705\/revisions"}],"wp:attachment":[{"href":"https:\/\/sites.ecclesia.pt\/cv\/wp-json\/wp\/v2\/media?parent=16705"}],"wp:term":[{"taxonomy":"category","embeddable":true,"href":"https:\/\/sites.ecclesia.pt\/cv\/wp-json\/wp\/v2\/categories?post=16705"},{"taxonomy":"post_tag","embeddable":true,"href":"https:\/\/sites.ecclesia.pt\/cv\/wp-json\/wp\/v2\/tags?post=16705"}],"curies":[{"name":"wp","href":"https:\/\/api.w.org\/{rel}","templated":true}]}}