{"id":16706,"date":"2006-04-03T14:44:00","date_gmt":"2006-04-03T14:44:00","guid":{"rendered":"http:\/\/localhost:81\/wp1\/?p=16706"},"modified":"2006-04-03T14:44:00","modified_gmt":"2006-04-03T14:44:00","slug":"as-bencaos-o-que-sao-e-para-que-servem","status":"publish","type":"post","link":"https:\/\/sites.ecclesia.pt\/cv\/as-bencaos-o-que-sao-e-para-que-servem\/","title":{"rendered":"As b\u00ean\u00e7\u00e3os: o que s\u00e3o e para que servem"},"content":{"rendered":"<p>Colabora\u00e7\u00e3o <!--more--> O costume de \u201cpedir a b\u00ean\u00e7\u00e3o\u201d estava, at\u00e9 h\u00e1 pouco tempo, muito enraizado entre n\u00f3s: os filhos pediam a b\u00ean\u00e7\u00e3o aos pais, os afilhados aos padrinhos, os fi\u00e9is aos sacerdotes. os sacerdotes aos Bispos e estes ao Papa.<\/p>\n<p>Este acto reverencial era correspondido por uma brev\u00edssima ora\u00e7\u00e3o de s\u00faplica \u2014 Que Deus te aben\u00e7\u00f5e!<\/p>\n<p>A estrutura linear desta b\u00ean\u00e7\u00e3o pode ajudar-nos a compreender todas as outras.<\/p>\n<p>As b\u00ean\u00e7\u00e3os na actualidade<\/p>\n<p>Felizmente ainda h\u00e1 muitas pessoas que, pelos mais diversos motivos, abordam os sacerdotes para lhes benzer n\u00e3o apenas objectos religiosos, mas tamb\u00e9m outras coisas como: casas de habita\u00e7\u00e3o ou com\u00e9rcio, ve\u00edculos, f\u00e1bricas, oficinas, a primeira pedra dum empreendimento de vulto&#8230; e as pastas no fim dum curso.<\/p>\n<p>Por isso, o Ritual das B\u00ean\u00e7\u00e3os recomenda: \u201c\u00c9 particularmente importante que o povo de Deus seja instru\u00eddo acerca do verdadeiro significado dos ritos e preces que a Igreja utiliza nas b\u00ean\u00e7\u00e3os, para que na celebra\u00e7\u00e3o sagrada n\u00e3o se introduza nenhum elemento de \u00edndole supersticiosa ou v\u00e3 incredulidade, que prejudique a natureza da f\u00e9.<\/p>\n<p>O livro do G\u00e9nesis, especialmente ao narrar a cria\u00e7\u00e3o do par humano, fala-nos da b\u00ean\u00e7\u00e3o: Deus aben\u00e7oou-os e disse \u201ccrescei e multiplicai-vos&#8230; dominai a terra\u201d; o mesmo aconteceu no Novo Testamento, na sauda\u00e7\u00e3o de Isabel a Nossa Senhora: \u201cBendita \u00e9s tu entre as mulheres\u201d e a resposta que Maria lhe deu \u201cA minha alma enaltece o Senhor\u201d.<\/p>\n<p>A liturgia conserva o rito da B\u00ean\u00e7\u00e3o em muitos momentos celebrativos, no-meadamente quando o Di\u00e1cono pede a b\u00ean\u00e7\u00e3o ao Presidente, antes de proclamar o Evangelho.<\/p>\n<p>O que \u00e9 Benzer?<\/p>\n<p>Ser\u00e1 um gesto supersticioso ou um rito m\u00e1gico que o homem procura para obter seguran\u00e7a e felicidade?<\/p>\n<p>At\u00e9 hoje, ainda n\u00e3o foi dada uma defini\u00e7\u00e3o oficial de b\u00ean\u00e7\u00e3o. Sabemos que \u00e9 um sacramental, quer dizer, uma ora\u00e7\u00e3o da Igreja para louvar a Deus e santificar o homem. Por isso, nas b\u00ean\u00e7\u00e3os, o mais importante n\u00e3o s\u00e3o os objectos em si mesmos, nem as cruzes que se fazem sobre eles, mas as pessoas que os v\u00e3o utilizar, e que, reconhecendo agradecidas o poder de Deus, pretendem obter a sua protec\u00e7\u00e3o.<\/p>\n<p>A b\u00ean\u00e7\u00e3o, em sentido b\u00edblico, \u00e9 um rito realizado por um ministro, por meio do qual se invoca Deus, para que conceda o seu favor a alguma pessoa ou coisa que, por este motivo, adquire uma esp\u00e9cie de caracter sagrado.<\/p>\n<p>A b\u00ean\u00e7\u00e3o das pessoas destina-se a ajud\u00e1-las a unir o seu cora\u00e7\u00e3o a Deus, n\u00e3o s\u00f3 na ora\u00e7\u00e3o mas tamb\u00e9m em toda e qualquer circunst\u00e2ncia da vida humana.<\/p>\n<p>A b\u00ean\u00e7\u00e3o das coisas tem por objectivo levar o homem a aprofundar a sua rela\u00e7\u00e3o com Deus e a obter uma esp\u00e9cie de protec\u00e7\u00e3o divina.<\/p>\n<p>Os objectos religiosos, como por exemplo: ter\u00e7os, medalhas, escapul\u00e1rios e outros&#8230; s\u00e3o benzidos, n\u00e3o para lhes ser conferido um caracter sagrado, mas para invocar a benevol\u00eancia divina sobre quem os utiliza. N\u00e3o s\u00e3o os objectos de f\u00e9, mas apenas sinais que ajudam o homem a comunicar com Deus.<\/p>\n<p>Di\u00e1cono Eduardo Rodrigues<\/p>\n","protected":false},"excerpt":{"rendered":"<p>Colabora\u00e7\u00e3o<\/p>\n","protected":false},"author":1,"featured_media":0,"comment_status":"open","ping_status":"open","sticky":false,"template":"","format":"standard","meta":{"footnotes":""},"categories":[48],"tags":[],"class_list":["post-16706","post","type-post","status-publish","format-standard","hentry","category-espaco-comum"],"_links":{"self":[{"href":"https:\/\/sites.ecclesia.pt\/cv\/wp-json\/wp\/v2\/posts\/16706","targetHints":{"allow":["GET"]}}],"collection":[{"href":"https:\/\/sites.ecclesia.pt\/cv\/wp-json\/wp\/v2\/posts"}],"about":[{"href":"https:\/\/sites.ecclesia.pt\/cv\/wp-json\/wp\/v2\/types\/post"}],"author":[{"embeddable":true,"href":"https:\/\/sites.ecclesia.pt\/cv\/wp-json\/wp\/v2\/users\/1"}],"replies":[{"embeddable":true,"href":"https:\/\/sites.ecclesia.pt\/cv\/wp-json\/wp\/v2\/comments?post=16706"}],"version-history":[{"count":0,"href":"https:\/\/sites.ecclesia.pt\/cv\/wp-json\/wp\/v2\/posts\/16706\/revisions"}],"wp:attachment":[{"href":"https:\/\/sites.ecclesia.pt\/cv\/wp-json\/wp\/v2\/media?parent=16706"}],"wp:term":[{"taxonomy":"category","embeddable":true,"href":"https:\/\/sites.ecclesia.pt\/cv\/wp-json\/wp\/v2\/categories?post=16706"},{"taxonomy":"post_tag","embeddable":true,"href":"https:\/\/sites.ecclesia.pt\/cv\/wp-json\/wp\/v2\/tags?post=16706"}],"curies":[{"name":"wp","href":"https:\/\/api.w.org\/{rel}","templated":true}]}}