{"id":16707,"date":"2006-04-03T14:44:00","date_gmt":"2006-04-03T14:44:00","guid":{"rendered":"http:\/\/localhost:81\/wp1\/?p=16707"},"modified":"2006-04-03T14:44:00","modified_gmt":"2006-04-03T14:44:00","slug":"encontros-e-confrontos","status":"publish","type":"post","link":"https:\/\/sites.ecclesia.pt\/cv\/encontros-e-confrontos\/","title":{"rendered":"Encontros e confrontos"},"content":{"rendered":"<p>IGREJA-MUNDO <!--more--> \u00c0 volta deste tema se realizaram as Jornadas de Teologia, organizadas pelo Instituto Superior de estudos teol\u00f3gicos de Coimbra, para uma assist\u00eancia interessada, se bem que n\u00e3o t\u00e3o numerosa como seria desej\u00e1vel.<\/p>\n<p>Jo\u00e3o Duque, Manuel de Pinho Ferreira, Saturino Gomes, D. Jos\u00e9 Policarpo e Jos\u00e9 Dias, desenvolveram as tem\u00e1ticas inclusivas, passando essencialmente por duas vertentes: a presen\u00e7a da Igreja como fermento no Mundo que ela mesma integra, a rela\u00e7\u00e3o daquela que \u00e9 a perspectiva institucional da Igreja com o Estado enquanto corporiza a organiza\u00e7\u00e3o do Mundo.<\/p>\n<p>A leg\u00edtima autonomia e diversidade das institui\u00e7\u00f5es &#8211; Igreja e Estado &#8211; exigem reconhecimento e respeito m\u00fatuos, coopera\u00e7\u00e3o transparente. N\u00e3o foi uma constante da hist\u00f3ria; facilmente se registam desequil\u00edbrios, de que n\u00f3s pr\u00f3prios temos sidos testemunhas. Uma Concordata \u00e9 sempre um instrumento regulador de refer\u00eancia.<\/p>\n<p>Outra \u00e9 a quest\u00e3o de a Igreja ser sacramento do Reino de Deus, cuja amplitude e profundidade a ultrapassam. Aqui, a humildade e persist\u00eancia de ser fermento, de ser sal de qualidade, n\u00e3o se compraz com as tenta\u00e7\u00f5es de \u201cimposi\u00e7\u00e3o\u201d ao Mundo, de pretender identificar as suas fronteiras com as do mesmo.<\/p>\n<p>Somos Povo entre o Povo. A nossa miss\u00e3o \u00e9 estar a\u00ed, nas realidades do Mundo, das culturas, com a nossa convic\u00e7\u00e3o e for\u00e7a dos valores do Reino, veiculados por uma forma diferente de viver, sempre respeitadora de opini\u00f5es diferentes, sabendo que as \u201csementes do Verbo\u201d est\u00e3o tamb\u00e9m por outras fronteiras. E sempre na esperan\u00e7a de que a plenitude se h\u00e1-de manifestar, quando for esse o \u201cmomento\u201d do projecto de Deus.<\/p>\n","protected":false},"excerpt":{"rendered":"<p>IGREJA-MUNDO<\/p>\n","protected":false},"author":1,"featured_media":0,"comment_status":"open","ping_status":"open","sticky":false,"template":"","format":"standard","meta":{"footnotes":""},"categories":[38],"tags":[],"class_list":["post-16707","post","type-post","status-publish","format-standard","hentry","category-destaque"],"_links":{"self":[{"href":"https:\/\/sites.ecclesia.pt\/cv\/wp-json\/wp\/v2\/posts\/16707","targetHints":{"allow":["GET"]}}],"collection":[{"href":"https:\/\/sites.ecclesia.pt\/cv\/wp-json\/wp\/v2\/posts"}],"about":[{"href":"https:\/\/sites.ecclesia.pt\/cv\/wp-json\/wp\/v2\/types\/post"}],"author":[{"embeddable":true,"href":"https:\/\/sites.ecclesia.pt\/cv\/wp-json\/wp\/v2\/users\/1"}],"replies":[{"embeddable":true,"href":"https:\/\/sites.ecclesia.pt\/cv\/wp-json\/wp\/v2\/comments?post=16707"}],"version-history":[{"count":0,"href":"https:\/\/sites.ecclesia.pt\/cv\/wp-json\/wp\/v2\/posts\/16707\/revisions"}],"wp:attachment":[{"href":"https:\/\/sites.ecclesia.pt\/cv\/wp-json\/wp\/v2\/media?parent=16707"}],"wp:term":[{"taxonomy":"category","embeddable":true,"href":"https:\/\/sites.ecclesia.pt\/cv\/wp-json\/wp\/v2\/categories?post=16707"},{"taxonomy":"post_tag","embeddable":true,"href":"https:\/\/sites.ecclesia.pt\/cv\/wp-json\/wp\/v2\/tags?post=16707"}],"curies":[{"name":"wp","href":"https:\/\/api.w.org\/{rel}","templated":true}]}}