{"id":16708,"date":"2006-04-03T14:44:00","date_gmt":"2006-04-03T14:44:00","guid":{"rendered":"http:\/\/localhost:81\/wp1\/?p=16708"},"modified":"2006-04-03T14:44:00","modified_gmt":"2006-04-03T14:44:00","slug":"vaticano-diz-que-nao-vale-a-pena-especular-sobre-o-papa","status":"publish","type":"post","link":"https:\/\/sites.ecclesia.pt\/cv\/vaticano-diz-que-nao-vale-a-pena-especular-sobre-o-papa\/","title":{"rendered":"Vaticano diz que n\u00e3o vale a pena especular sobre o Papa"},"content":{"rendered":"<p>Sob o signo da surpresa  <!--more--> A capacidade do Papa em superar as dificuldades que lhe saem a caminho voltou a vir ao de cima ap\u00f3s a traqueotomia a que foi submetido na semana passada.<\/p>\n<p>Joaqu\u00edn Navarro-Valls confessou na segunda-feira \u00e0 R\u00e1dio Vaticano que o aparecimento de Jo\u00e3o Paulo II \u00e0 janela da Cl\u00ednica Gemelli [no domingo] \u201cfoi uma surpresa\u201d, considerando o gesto como \u201cum momento muito emocionante para todos\u201d.<\/p>\n<p>O porta-voz do Vaticano confirmou que esta \u201cfoi uma iniciativa do Papa, decidida por ele durante a manh\u00e3\u201d. \u201cEle soube que muitas pessoas se tinham reunido diante do hospital e como se tinha levantado para passar algumas horas no sof\u00e1, quis mostrar-se \u00e0 janela\u201d, acrescentou.<\/p>\n<p>Sobre o gesto de levar a m\u00e3o ao s\u00edtio onde tinha sido submetido \u00e0 traqueotomia, Navarro-Valls considera que o Papa quis explicar-se \u00e0 multid\u00e3o: \u201cEu n\u00e3o posso falar convosco\u201d.<\/p>\n<p>A edi\u00e7\u00e3o italiana de \u201cL\u2019Osservatore Romano\u201d, jornal do Vaticano, tamb\u00e9m considera o aparecimento do Papa como \u201cum col\u00f3quio surpreendente\u201d: \u201cO Papa falou com o olhar, com esses olhos que entram em n\u00f3s e deixam as palavras fundamentais\u201d.<\/p>\n<p>As \u00faltimas not\u00edcias referem que o Papa j\u00e1 iniciou a reabilita\u00e7\u00e3o e est\u00e1 a recuperar bem. No entanto, ainda n\u00e3o se sabe quando poder\u00e1 deixar o hospital.<\/p>\n","protected":false},"excerpt":{"rendered":"<p>Sob o signo da surpresa<\/p>\n","protected":false},"author":1,"featured_media":0,"comment_status":"open","ping_status":"open","sticky":false,"template":"","format":"standard","meta":{"footnotes":""},"categories":[38],"tags":[],"class_list":["post-16708","post","type-post","status-publish","format-standard","hentry","category-destaque"],"_links":{"self":[{"href":"https:\/\/sites.ecclesia.pt\/cv\/wp-json\/wp\/v2\/posts\/16708","targetHints":{"allow":["GET"]}}],"collection":[{"href":"https:\/\/sites.ecclesia.pt\/cv\/wp-json\/wp\/v2\/posts"}],"about":[{"href":"https:\/\/sites.ecclesia.pt\/cv\/wp-json\/wp\/v2\/types\/post"}],"author":[{"embeddable":true,"href":"https:\/\/sites.ecclesia.pt\/cv\/wp-json\/wp\/v2\/users\/1"}],"replies":[{"embeddable":true,"href":"https:\/\/sites.ecclesia.pt\/cv\/wp-json\/wp\/v2\/comments?post=16708"}],"version-history":[{"count":0,"href":"https:\/\/sites.ecclesia.pt\/cv\/wp-json\/wp\/v2\/posts\/16708\/revisions"}],"wp:attachment":[{"href":"https:\/\/sites.ecclesia.pt\/cv\/wp-json\/wp\/v2\/media?parent=16708"}],"wp:term":[{"taxonomy":"category","embeddable":true,"href":"https:\/\/sites.ecclesia.pt\/cv\/wp-json\/wp\/v2\/categories?post=16708"},{"taxonomy":"post_tag","embeddable":true,"href":"https:\/\/sites.ecclesia.pt\/cv\/wp-json\/wp\/v2\/tags?post=16708"}],"curies":[{"name":"wp","href":"https:\/\/api.w.org\/{rel}","templated":true}]}}