{"id":16709,"date":"2006-04-03T14:44:00","date_gmt":"2006-04-03T14:44:00","guid":{"rendered":"http:\/\/localhost:81\/wp1\/?p=16709"},"modified":"2006-04-03T14:44:00","modified_gmt":"2006-04-03T14:44:00","slug":"padre-messias-1924-2005","status":"publish","type":"post","link":"https:\/\/sites.ecclesia.pt\/cv\/padre-messias-1924-2005\/","title":{"rendered":"Padre Messias (1924-2005)"},"content":{"rendered":"<p>Messias Hip\u00f3lito da Rocha, nascido a 20 de Fevereiro de 1924, faleceu na ter\u00e7a-feira, no Lar S. Jos\u00e9 (\u00cdlhavo), onde estava internado. Ordenado no dia 4 de Julho de 1948, o Pe Messias foi coadjutor de \u00cdlhavo, director espiritual do Semin\u00e1rio de Aveiro, p\u00e1roco da Gl\u00f3ria, Aveiro (1960-1967), capel\u00e3o da Borralha (\u00c1gueda) e seu primeiro p\u00e1roco. Entre 1974 e 1982, o Pe Messias esteve na diocese do Funchal, com o bispo D. Francisco Antunes Santana. O Pe Messias trabalhou ainda no Stella Maris. Datam do seu tempo as primeiras constru\u00e7\u00f5es desse clube de apoio aos navegantes. O funeral do Pe Messias realizou-se ontem em Calv\u00e3o, de onde era natural.<\/p>\n","protected":false},"excerpt":{"rendered":"<p>Messias Hip\u00f3lito da Rocha, nascido a 20 de Fevereiro de 1924, faleceu na ter\u00e7a-feira, no Lar S. Jos\u00e9 (\u00cdlhavo), onde estava internado. Ordenado no dia 4 de Julho de 1948, o Pe Messias foi coadjutor de \u00cdlhavo, director espiritual do Semin\u00e1rio de Aveiro, p\u00e1roco da Gl\u00f3ria, Aveiro (1960-1967), capel\u00e3o da Borralha (\u00c1gueda) e seu primeiro [&hellip;]<\/p>\n","protected":false},"author":1,"featured_media":0,"comment_status":"open","ping_status":"open","sticky":false,"template":"","format":"standard","meta":{"footnotes":""},"categories":[38],"tags":[],"class_list":["post-16709","post","type-post","status-publish","format-standard","hentry","category-destaque"],"_links":{"self":[{"href":"https:\/\/sites.ecclesia.pt\/cv\/wp-json\/wp\/v2\/posts\/16709","targetHints":{"allow":["GET"]}}],"collection":[{"href":"https:\/\/sites.ecclesia.pt\/cv\/wp-json\/wp\/v2\/posts"}],"about":[{"href":"https:\/\/sites.ecclesia.pt\/cv\/wp-json\/wp\/v2\/types\/post"}],"author":[{"embeddable":true,"href":"https:\/\/sites.ecclesia.pt\/cv\/wp-json\/wp\/v2\/users\/1"}],"replies":[{"embeddable":true,"href":"https:\/\/sites.ecclesia.pt\/cv\/wp-json\/wp\/v2\/comments?post=16709"}],"version-history":[{"count":0,"href":"https:\/\/sites.ecclesia.pt\/cv\/wp-json\/wp\/v2\/posts\/16709\/revisions"}],"wp:attachment":[{"href":"https:\/\/sites.ecclesia.pt\/cv\/wp-json\/wp\/v2\/media?parent=16709"}],"wp:term":[{"taxonomy":"category","embeddable":true,"href":"https:\/\/sites.ecclesia.pt\/cv\/wp-json\/wp\/v2\/categories?post=16709"},{"taxonomy":"post_tag","embeddable":true,"href":"https:\/\/sites.ecclesia.pt\/cv\/wp-json\/wp\/v2\/tags?post=16709"}],"curies":[{"name":"wp","href":"https:\/\/api.w.org\/{rel}","templated":true}]}}