{"id":16711,"date":"2006-04-03T14:44:00","date_gmt":"2006-04-03T14:44:00","guid":{"rendered":"http:\/\/localhost:81\/wp1\/?p=16711"},"modified":"2006-04-03T14:44:00","modified_gmt":"2006-04-03T14:44:00","slug":"por-uma-cultura-eucaristica","status":"publish","type":"post","link":"https:\/\/sites.ecclesia.pt\/cv\/por-uma-cultura-eucaristica\/","title":{"rendered":"Por uma cultura eucar\u00edstica"},"content":{"rendered":"<p>Modelos, atitudes e valores <!--more--> A harmonia da celebra\u00e7\u00e3o n\u00e3o provoca a gra\u00e7a, mas condiciona o seu acolhimento e crescimento no cora\u00e7\u00e3o humano, na assembleia reunida, na comunidade organizada, na sociedade em processo de humaniza\u00e7\u00e3o, na qual se inserem os crist\u00e3os revigorados por essa mesma gra\u00e7a sacramental.<\/p>\n<p>A harmonia exige, antes de mais, sintonia com os sentimentos de Jesus Cristo, maravilhosamente expressos na f\u00f3rmula da consagra\u00e7\u00e3o: p\u00e3o que \u00e9 corpo entregue e vinho que \u00e9 sangue derramado por todos, por um mundo sem pecado, por uma nova humanidade. Esta sintonia constitui o ponto de partida e a meta de chegada, estando sempre presente ao longo de todas as fases do percurso de cada pessoa e da pr\u00f3pria comunidade.<\/p>\n<p>Na escola da eucaristia, revivem os crist\u00e3os este modelo existencial e aprendem progressivamente a configurar-se com ele, a assumir a escala de valores que comporta, a fazer-se doa\u00e7\u00e3o, a cultivar uma rela\u00e7\u00e3o sensata com os bens, a estar presente na sociedade, a criar a civi-liza\u00e7\u00e3o do amor e consequente \u201ccultura eucar\u00edstica\u201d.<\/p>\n<p>Esta cultura leva-nos a ver um \u201coutro eu\u201d em qualquer ser humano, em toda a pessoa, a partir da nossa comum natureza; a reconhecer a miss\u00e3o original que Deus nos confia e a que todos temos direito\/dever de dar uma resposta positiva e solid\u00e1ria; a construir uma sociedade assente na rede de rela\u00e7\u00f5es humanas, organizativas e funcionais, que brotam da natureza social de cada pessoa e se desenvolvem pelo esfor\u00e7o, pela educa\u00e7\u00e3o\/ensino e por outras for\u00e7as intervenientes, sem esquecer a pr\u00f3pria gra\u00e7a divina.<\/p>\n<p>Aquela escala de valores d\u00e1 prioridade ao bem comum e \u00e0 verdade genu\u00edna, \u00e0 fun\u00e7\u00e3o social dos bens, \u00e0 gratuidade e ao consumo respons\u00e1vel alicer\u00e7ado no com\u00e9rcio justo. Assenta em atitudes que ajudam a pessoa a ser mais e n\u00e3o apenas a ter em abund\u00e2ncia, e a sociedade a humanizar-se, como um todo, em que se presta aten\u00e7\u00e3o especial aos espoliados da sua dignidade.<\/p>\n<p>Dessas atitudes destacam-se algumas pelo valor e pelo contraste com a mentalidade predominante: a responsabilidade por um mundo dominado por \u201c\u00eddolos\u201d deslumbrantes que, de facto, ocupam o espa\u00e7o de Deus; a sobriedade no uso dos bens que constitui uma verdadeira terapia face ao consumismo crescente; a sabedoria de apreciar o que se tem e de controlar o desejo ilimitado de possuir; a solidariedade e justi\u00e7a no trabalho, ainda que seja necess\u00e1rio reduzir o hor\u00e1rio laboral para que todos possam ter emprego; a reforma cont\u00ednua da educa\u00e7\u00e3o, com abertura plena \u00e0 integralidade da pessoa e de todas as dimens\u00f5es da sua realiza\u00e7\u00e3o; a revaloriza\u00e7\u00e3o da fam\u00edlia e do casal heterossexual como seu fundamento nuclear, a aprendizagem da gratid\u00e3o e da gratuidade; a valoriza\u00e7\u00e3o do tempo liberto de \u201cocupa\u00e7\u00f5es \u00fateis\u201dpara revigorar as pr\u00f3prias for\u00e7as interiores e lan\u00e7ar \u201cpontes de contacto\u201d com os demais, vivendo o amor que se faz servi\u00e7o.<\/p>\n<p>Quem se deixa \u201cmoldar\u201d pela cultura eucar\u00edstica torna-se solid\u00e1rio e sens\u00edvel, generoso e servi\u00e7al, livre e participativo, profeta das boas not\u00edcias, lutador por todas as causas dignas, aberto ao universal sem descurar a situa\u00e7\u00e3o local, contestat\u00e1rio das for\u00e7as que geram a degrada\u00e7\u00e3o e a injusti\u00e7a, rebelde perante a iniquidade, apoiante cr\u00edtico e, por vezes, dissidente do poder pol\u00edtico ou da autoridade religiosa, interiormente liberto, fiel \u00e0s convic\u00e7\u00f5es fundamentais, sincero, fraterno com todos e filial em rela\u00e7\u00e3o a Deus Pai, como Jesus Cristo, dentro do poss\u00edvel.<\/p>\n","protected":false},"excerpt":{"rendered":"<p>Modelos, atitudes e valores<\/p>\n","protected":false},"author":1,"featured_media":0,"comment_status":"open","ping_status":"open","sticky":false,"template":"","format":"standard","meta":{"footnotes":""},"categories":[41],"tags":[],"class_list":["post-16711","post","type-post","status-publish","format-standard","hentry","category-eucaristia"],"_links":{"self":[{"href":"https:\/\/sites.ecclesia.pt\/cv\/wp-json\/wp\/v2\/posts\/16711","targetHints":{"allow":["GET"]}}],"collection":[{"href":"https:\/\/sites.ecclesia.pt\/cv\/wp-json\/wp\/v2\/posts"}],"about":[{"href":"https:\/\/sites.ecclesia.pt\/cv\/wp-json\/wp\/v2\/types\/post"}],"author":[{"embeddable":true,"href":"https:\/\/sites.ecclesia.pt\/cv\/wp-json\/wp\/v2\/users\/1"}],"replies":[{"embeddable":true,"href":"https:\/\/sites.ecclesia.pt\/cv\/wp-json\/wp\/v2\/comments?post=16711"}],"version-history":[{"count":0,"href":"https:\/\/sites.ecclesia.pt\/cv\/wp-json\/wp\/v2\/posts\/16711\/revisions"}],"wp:attachment":[{"href":"https:\/\/sites.ecclesia.pt\/cv\/wp-json\/wp\/v2\/media?parent=16711"}],"wp:term":[{"taxonomy":"category","embeddable":true,"href":"https:\/\/sites.ecclesia.pt\/cv\/wp-json\/wp\/v2\/categories?post=16711"},{"taxonomy":"post_tag","embeddable":true,"href":"https:\/\/sites.ecclesia.pt\/cv\/wp-json\/wp\/v2\/tags?post=16711"}],"curies":[{"name":"wp","href":"https:\/\/api.w.org\/{rel}","templated":true}]}}