{"id":16712,"date":"2006-04-03T14:44:00","date_gmt":"2006-04-03T14:44:00","guid":{"rendered":"http:\/\/localhost:81\/wp1\/?p=16712"},"modified":"2006-04-03T14:44:00","modified_gmt":"2006-04-03T14:44:00","slug":"rito-da-comunhao-iii","status":"publish","type":"post","link":"https:\/\/sites.ecclesia.pt\/cv\/rito-da-comunhao-iii\/","title":{"rendered":"Rito da comunh\u00e3o (III)"},"content":{"rendered":"<p>Reaprender&#8230; para viver melhor <!--more--> Reconhecemo-nos como filhos e como irm\u00e3os, na ora\u00e7\u00e3o do Pai-Nosso. Segue-se-lhe, como prepara\u00e7\u00e3o para participar do mesmo Corpo e Sangue de Cristo, o Gesto da Paz. As palavras de D. Ant\u00f3nio Marcelino s\u00e3o claras e incisivas.<\/p>\n<p>O rito da paz n\u00e3o \u00e9 um momento de cumprimentos, nem de procura de familiares, amigos e conhecidos. Ali, a fam\u00edlia reunida \u00e9 a da gra\u00e7a, n\u00e3o a do sangue ou da vontade humana. Conhecido ou desconhecido, quem est\u00e1 ao meu lado na celebra\u00e7\u00e3o, para que o seja tamb\u00e9m na vida, \u00e9 sempre meu irm\u00e3o. O gesto exprime sempre que, vivendo na paz que a todos nos vem de Cristo, queremos ter acesso ao P\u00e3o Eucar\u00edstico, porque por Ele tamb\u00e9m n\u00f3s formamos uma s\u00f3 fam\u00edlia ou comunidade de filhos e de irm\u00e3os. Exprime o nosso desejo, de todos, de que a Igreja viva na unidade e \u00e9, ainda, um sinal vis\u00edvel da nossa m\u00fatua caridade.<\/p>\n<p>Devem formar-se as crian\u00e7as (e os jovens e adultos &#8211; acrescentamos n\u00f3s) a que se habituem a dar a paz ao companheiro que est\u00e1 ao seu lado e a n\u00e3o andar pela igreja \u00e0 procura dos familiares e a n\u00e3o fazer cortejo para o altar, para trocar com o celebrante o gesto da paz.<\/p>\n<p>\u00c9 um momento de serenidade, que n\u00e3o deve perturbar a celebra\u00e7\u00e3o nem desviar a aten\u00e7\u00e3o do essencial. \u00c9 a express\u00e3o da \u201ccadeia da paz\u201d, do \u201ccord\u00e3o da caridade\u201d, antes de comermos da mesma mesa!<\/p>\n","protected":false},"excerpt":{"rendered":"<p>Reaprender&#8230; para viver melhor<\/p>\n","protected":false},"author":1,"featured_media":0,"comment_status":"open","ping_status":"open","sticky":false,"template":"","format":"standard","meta":{"footnotes":""},"categories":[41],"tags":[],"class_list":["post-16712","post","type-post","status-publish","format-standard","hentry","category-eucaristia"],"_links":{"self":[{"href":"https:\/\/sites.ecclesia.pt\/cv\/wp-json\/wp\/v2\/posts\/16712","targetHints":{"allow":["GET"]}}],"collection":[{"href":"https:\/\/sites.ecclesia.pt\/cv\/wp-json\/wp\/v2\/posts"}],"about":[{"href":"https:\/\/sites.ecclesia.pt\/cv\/wp-json\/wp\/v2\/types\/post"}],"author":[{"embeddable":true,"href":"https:\/\/sites.ecclesia.pt\/cv\/wp-json\/wp\/v2\/users\/1"}],"replies":[{"embeddable":true,"href":"https:\/\/sites.ecclesia.pt\/cv\/wp-json\/wp\/v2\/comments?post=16712"}],"version-history":[{"count":0,"href":"https:\/\/sites.ecclesia.pt\/cv\/wp-json\/wp\/v2\/posts\/16712\/revisions"}],"wp:attachment":[{"href":"https:\/\/sites.ecclesia.pt\/cv\/wp-json\/wp\/v2\/media?parent=16712"}],"wp:term":[{"taxonomy":"category","embeddable":true,"href":"https:\/\/sites.ecclesia.pt\/cv\/wp-json\/wp\/v2\/categories?post=16712"},{"taxonomy":"post_tag","embeddable":true,"href":"https:\/\/sites.ecclesia.pt\/cv\/wp-json\/wp\/v2\/tags?post=16712"}],"curies":[{"name":"wp","href":"https:\/\/api.w.org\/{rel}","templated":true}]}}