{"id":16713,"date":"2006-04-03T14:44:00","date_gmt":"2006-04-03T14:44:00","guid":{"rendered":"http:\/\/localhost:81\/wp1\/?p=16713"},"modified":"2006-04-03T14:44:00","modified_gmt":"2006-04-03T14:44:00","slug":"a-purificacao-que-nos-faz-bem","status":"publish","type":"post","link":"https:\/\/sites.ecclesia.pt\/cv\/a-purificacao-que-nos-faz-bem\/","title":{"rendered":"A purifica\u00e7\u00e3o que nos faz bem"},"content":{"rendered":"<p>Catequeses Quaresmais <!--more--> A prepara\u00e7\u00e3o j\u00e1 \u00e9 festa. Diz o povo, citado por D. Ant\u00f3nio Marcelino na segunda catequese desta Quaresma, que \u201ch\u00e1 mais festa na prepara\u00e7\u00e3o do que na festa propriamente dita\u201d. A prepara\u00e7\u00e3o j\u00e1 \u00e9 festa. E de facto, a prepara\u00e7\u00e3o dos grandes momentos, a ansiedade do encontro, os cuidados postos nos pormenores\u2026 tudo isso \u00e9 parte apetec\u00edvel da festa. Com a Eucaristia \u00e9 um pouco isso que acontece. Ali\u00e1s, \u00e9 essa antecipa\u00e7\u00e3o enquanto parte integrante (que tem correspond\u00eancia no prolongamento da ac\u00e7\u00e3o de gra\u00e7as) que permite levar uma \u201cvida eucar\u00edstica\u201d. Na catequese da \u00faltima sexta-feira a prepara\u00e7\u00e3o chamou-se \u201cpurifica\u00e7\u00e3o\u201d: \u201cConvocados como filhos de Deus. Para qu\u00ea? Um encontro que exige purifica\u00e7\u00e3o\u201d.<\/p>\n<p>Nem s\u00f3 de confiss\u00e3o vive o ser humano. Se a prepara\u00e7\u00e3o passa pela purifica\u00e7\u00e3o, valer\u00e1 a pena ter mais consci\u00eancia dos momentos que a possibilitam. Pode ser, certamente, o sacramento da confiss\u00e3o antes da missa. Mas a pr\u00f3pria eucaristia est\u00e1 cheia de momentos purificadores. Recordou o Bispo de Aveiro: o rito penitencial em que o padre deixa de falar em \u201cv\u00f3s\u201d, para dizer \u201cn\u00f3s\u201d (\u201cconfessemos\u201d, \u201creconhe\u00e7amos\u201d, \u201ctenha compaix\u00e3o de n\u00f3s\u201d); o Pai-Nosso, com o \u201cLivrai-nos do mal\u201d; o \u201cCordeiro de Deus\u201d; ou a frase do centuri\u00e3o romano repetida em todas as Eucaristias: \u201cSenhor, eu n\u00e3o sou digno de que entreis em minha morada\u201d. E em algumas igrejas, ainda persiste o h\u00e1bito da \u00e1gua benta (que s\u00f3 o realismo pastoral, para evitar usos supersticiosos, levou a abandonar). Lembrava o baptismo e era um apelo \u00e0 purifica\u00e7\u00e3o: \u201cAspergi-nos, \u00f3 Deus, e nossa alma ficar\u00e1 como deve. Lavai-nos, \u00f3 Deus, e seremos mais brancos do que a neve\u201d (salmo traduzido e adaptado pelo pr\u00f3prio D. Ant\u00f3nio quando jovem).<\/p>\n<p>Reconhecer os pecados \u00e9 igual a humilha\u00e7\u00e3o? Este poder\u00e1 bem ser o ponto que afasta da Eucaristia (talvez mais inconsciente do que conscientemente), ou at\u00e9 do cristianismo. Mas reconhecer-se pecador para melhor celebrar, equivale a ter-se em m\u00e1 conta? N\u00e3o. \u201cConfessar a Deus todo-poderoso \u00e9 acusar e reconhecer, \u00e9 deixar que Deus fa\u00e7a a verdade na nossa vida\u201d. Por outras palavras, reconhecer os pecados \u00e9 pedag\u00f3gico. Ajuda a crescer, desde que n\u00e3o se caia nos exageros dos jansenistas. (Essa corrente do cristianismo &#8211; s\u00e9c. XVII- que considerava o ser humano sempre indigno de se aproximar de Deus). \u201cOra, Deus quer que nos aproximemos. Convida-nos!\u201d, lembra o bispo de Aveiro.<\/p>\n<p>Transforma\u00e7\u00e3o. \u201cA resposta de Deus [ao pecador] depende da verdade de quem pede e do espa\u00e7o interior que disponibiliza para receber. No caso do perd\u00e3o do pecado, [Deus] l\u00ea no fundo do cora\u00e7\u00e3o e a\u00ed perscruta essa verdade e disponibilidade\u201d, escreve D. Ant\u00f3nio na folha que distribui aos participantes das catequeses quaresmais. E acrescenta: \u201cToda a renova\u00e7\u00e3o pode come\u00e7ar no momento em que nos reconhe\u00e7amos pobres, mendigos do dons de Deus, postos \u00e0 nossa disposi\u00e7\u00e3o com tanta generosidade em cada celebra\u00e7\u00e3o da Eucaristia\u201d.                              J.P.F.<\/p>\n<p>A pr\u00f3xima catequese quaresmal tem como tema: \u201cA for\u00e7a determinante da Palavra de Deus. S\u00f3 escuta de verdade quem responde ao que ouviu\u201d. Sexta-feira, 4 de Mar\u00e7o, no Sal\u00e3o de S. Domingos (por cima da Livraria Santa Joana), \u00e0s 21h15.<\/p>\n","protected":false},"excerpt":{"rendered":"<p>Catequeses Quaresmais<\/p>\n","protected":false},"author":1,"featured_media":0,"comment_status":"open","ping_status":"open","sticky":false,"template":"","format":"standard","meta":{"footnotes":""},"categories":[41],"tags":[],"class_list":["post-16713","post","type-post","status-publish","format-standard","hentry","category-eucaristia"],"_links":{"self":[{"href":"https:\/\/sites.ecclesia.pt\/cv\/wp-json\/wp\/v2\/posts\/16713","targetHints":{"allow":["GET"]}}],"collection":[{"href":"https:\/\/sites.ecclesia.pt\/cv\/wp-json\/wp\/v2\/posts"}],"about":[{"href":"https:\/\/sites.ecclesia.pt\/cv\/wp-json\/wp\/v2\/types\/post"}],"author":[{"embeddable":true,"href":"https:\/\/sites.ecclesia.pt\/cv\/wp-json\/wp\/v2\/users\/1"}],"replies":[{"embeddable":true,"href":"https:\/\/sites.ecclesia.pt\/cv\/wp-json\/wp\/v2\/comments?post=16713"}],"version-history":[{"count":0,"href":"https:\/\/sites.ecclesia.pt\/cv\/wp-json\/wp\/v2\/posts\/16713\/revisions"}],"wp:attachment":[{"href":"https:\/\/sites.ecclesia.pt\/cv\/wp-json\/wp\/v2\/media?parent=16713"}],"wp:term":[{"taxonomy":"category","embeddable":true,"href":"https:\/\/sites.ecclesia.pt\/cv\/wp-json\/wp\/v2\/categories?post=16713"},{"taxonomy":"post_tag","embeddable":true,"href":"https:\/\/sites.ecclesia.pt\/cv\/wp-json\/wp\/v2\/tags?post=16713"}],"curies":[{"name":"wp","href":"https:\/\/api.w.org\/{rel}","templated":true}]}}