{"id":16715,"date":"2006-04-03T14:44:00","date_gmt":"2006-04-03T14:44:00","guid":{"rendered":"http:\/\/localhost:81\/wp1\/?p=16715"},"modified":"2006-04-03T14:44:00","modified_gmt":"2006-04-03T14:44:00","slug":"actividades-pastorais-74","status":"publish","type":"post","link":"https:\/\/sites.ecclesia.pt\/cv\/actividades-pastorais-74\/","title":{"rendered":"Actividades Pastorais"},"content":{"rendered":"<p>Na quinta feira, o senhor Bispo trabalhou, durante a manh\u00e3, com o Chefe Regional e o Assistente Diocesano do CNE e recebeu diversos padres. Orientou, na sexta feira, a II catequese quaresmal. No s\u00e1bado e no Domingo, participou, em F\u00e1tima, nas comemora\u00e7\u00f5es dos 50 anos das Equipas de Casais de Nossa Senhora em Portugal. Visitou na segunda feira, na sua terra natal, o senhor Padre Manuel Fernandes, que foi p\u00e1roco da Vera Cruz. Recebeu, durante a tarde, alguns diocesanos.<\/p>\n<p>Na ter\u00e7a feira, o senhor Bispo reuniu-se com o Conselho Episcopal.<\/p>\n<p>Hoje, quarta feira, dedicou o dia para visitar alguns padres e par\u00f3quias.  <\/p>\n","protected":false},"excerpt":{"rendered":"<p>Na quinta feira, o senhor Bispo trabalhou, durante a manh\u00e3, com o Chefe Regional e o Assistente Diocesano do CNE e recebeu diversos padres. Orientou, na sexta feira, a II catequese quaresmal. No s\u00e1bado e no Domingo, participou, em F\u00e1tima, nas comemora\u00e7\u00f5es dos 50 anos das Equipas de Casais de Nossa Senhora em Portugal. Visitou [&hellip;]<\/p>\n","protected":false},"author":1,"featured_media":0,"comment_status":"open","ping_status":"open","sticky":false,"template":"","format":"standard","meta":{"footnotes":""},"categories":[70],"tags":[],"class_list":["post-16715","post","type-post","status-publish","format-standard","hentry","category-diocese"],"_links":{"self":[{"href":"https:\/\/sites.ecclesia.pt\/cv\/wp-json\/wp\/v2\/posts\/16715","targetHints":{"allow":["GET"]}}],"collection":[{"href":"https:\/\/sites.ecclesia.pt\/cv\/wp-json\/wp\/v2\/posts"}],"about":[{"href":"https:\/\/sites.ecclesia.pt\/cv\/wp-json\/wp\/v2\/types\/post"}],"author":[{"embeddable":true,"href":"https:\/\/sites.ecclesia.pt\/cv\/wp-json\/wp\/v2\/users\/1"}],"replies":[{"embeddable":true,"href":"https:\/\/sites.ecclesia.pt\/cv\/wp-json\/wp\/v2\/comments?post=16715"}],"version-history":[{"count":0,"href":"https:\/\/sites.ecclesia.pt\/cv\/wp-json\/wp\/v2\/posts\/16715\/revisions"}],"wp:attachment":[{"href":"https:\/\/sites.ecclesia.pt\/cv\/wp-json\/wp\/v2\/media?parent=16715"}],"wp:term":[{"taxonomy":"category","embeddable":true,"href":"https:\/\/sites.ecclesia.pt\/cv\/wp-json\/wp\/v2\/categories?post=16715"},{"taxonomy":"post_tag","embeddable":true,"href":"https:\/\/sites.ecclesia.pt\/cv\/wp-json\/wp\/v2\/tags?post=16715"}],"curies":[{"name":"wp","href":"https:\/\/api.w.org\/{rel}","templated":true}]}}