{"id":16716,"date":"2006-04-03T14:44:00","date_gmt":"2006-04-03T14:44:00","guid":{"rendered":"http:\/\/localhost:81\/wp1\/?p=16716"},"modified":"2006-04-03T14:44:00","modified_gmt":"2006-04-03T14:44:00","slug":"jorge-carvalhais-ja-esta-no-brasil","status":"publish","type":"post","link":"https:\/\/sites.ecclesia.pt\/cv\/jorge-carvalhais-ja-esta-no-brasil\/","title":{"rendered":"Jorge Carvalhais j\u00e1 est\u00e1 no Brasil!"},"content":{"rendered":"<p>Conforme noticiado no Correio do Vouga da \u00faltima semana, o Jorge Carvalhais partiu de novo para o Brasil, concretamente para Chapadinha, no Maranh\u00e3o (Estado de S. Lu\u00eds). O regresso a Terras de Santa Cruz teve lugar na passada Quinta-feira, dia 24 de Fevereiro de 2005. Juntamente com ele partiram duas jovens, a S\u00f3nia e a Sofia, que trabalhar\u00e3o em liga\u00e7\u00e3o com o Pe. Pedro Jos\u00e9.<\/p>\n<p>O Col\u00e9gio de Calv\u00e3o, sua segunda \u201ccasa\u201d, n\u00e3o quis deixar partir o seu querido professor sem antes o agraciar afectivamente com um forte e encorajador abra\u00e7o. Deste modo, na v\u00e9spera da sua partida, na Quarta-feira, dia 23 de Fevereiro, com o Sal\u00e3o de Festas \u201csimplesmente\u201d repleto, centenas de alunos e professores, seus colegas e amigos, e contando com a presen\u00e7a de seus pais, o Director do Col\u00e9gio, Pe. Jo\u00e3o M\u00f3nica da Rocha, e do nosso Bispo, D. Ant\u00f3nio Marcelino \u2013 que propositadamente quis estar presente nesta singela cerim\u00f3nia de envio \u2013 em un\u00edssono puderam desejar ao Jorge Carvalhais um \u201cAt\u00e9 j\u00e1!\u201d, bem sentido e fraterno, a ele que \u00e9 para todos, pela sua ousadia e testemunho, um mission\u00e1rio na verdadeira acep\u00e7\u00e3o. <\/p>\n<p>&#8211; Votos de muitas gra\u00e7as e alegrias para ti, Jorge! Conta connosco, que n\u00f3s contamos contigo!<\/p>\n<p>M\u00e1rio P. C. Martins<\/p>\n","protected":false},"excerpt":{"rendered":"<p>Conforme noticiado no Correio do Vouga da \u00faltima semana, o Jorge Carvalhais partiu de novo para o Brasil, concretamente para Chapadinha, no Maranh\u00e3o (Estado de S. Lu\u00eds). O regresso a Terras de Santa Cruz teve lugar na passada Quinta-feira, dia 24 de Fevereiro de 2005. Juntamente com ele partiram duas jovens, a S\u00f3nia e a [&hellip;]<\/p>\n","protected":false},"author":1,"featured_media":0,"comment_status":"open","ping_status":"open","sticky":false,"template":"","format":"standard","meta":{"footnotes":""},"categories":[70],"tags":[],"class_list":["post-16716","post","type-post","status-publish","format-standard","hentry","category-diocese"],"_links":{"self":[{"href":"https:\/\/sites.ecclesia.pt\/cv\/wp-json\/wp\/v2\/posts\/16716","targetHints":{"allow":["GET"]}}],"collection":[{"href":"https:\/\/sites.ecclesia.pt\/cv\/wp-json\/wp\/v2\/posts"}],"about":[{"href":"https:\/\/sites.ecclesia.pt\/cv\/wp-json\/wp\/v2\/types\/post"}],"author":[{"embeddable":true,"href":"https:\/\/sites.ecclesia.pt\/cv\/wp-json\/wp\/v2\/users\/1"}],"replies":[{"embeddable":true,"href":"https:\/\/sites.ecclesia.pt\/cv\/wp-json\/wp\/v2\/comments?post=16716"}],"version-history":[{"count":0,"href":"https:\/\/sites.ecclesia.pt\/cv\/wp-json\/wp\/v2\/posts\/16716\/revisions"}],"wp:attachment":[{"href":"https:\/\/sites.ecclesia.pt\/cv\/wp-json\/wp\/v2\/media?parent=16716"}],"wp:term":[{"taxonomy":"category","embeddable":true,"href":"https:\/\/sites.ecclesia.pt\/cv\/wp-json\/wp\/v2\/categories?post=16716"},{"taxonomy":"post_tag","embeddable":true,"href":"https:\/\/sites.ecclesia.pt\/cv\/wp-json\/wp\/v2\/tags?post=16716"}],"curies":[{"name":"wp","href":"https:\/\/api.w.org\/{rel}","templated":true}]}}