{"id":16717,"date":"2006-04-03T14:44:00","date_gmt":"2006-04-03T14:44:00","guid":{"rendered":"http:\/\/localhost:81\/wp1\/?p=16717"},"modified":"2006-04-03T14:44:00","modified_gmt":"2006-04-03T14:44:00","slug":"vinte-anos-depois-ii","status":"publish","type":"post","link":"https:\/\/sites.ecclesia.pt\/cv\/vinte-anos-depois-ii\/","title":{"rendered":"Vinte anos depois (II)"},"content":{"rendered":"<p>Revisitando o Vaticano II <!--more--> A rela\u00e7\u00e3o do Cardeal Danneels, eco das realidades experimentadas pelas Igrejas, reflectia as respostas e sugest\u00f5es ao question\u00e1rio preparat\u00f3rio enviado aos Padres Sinodais. <\/p>\n<p>Quatro n\u00facleos aglutinavam os aspectos negativos mais preocupantes: a Liturgia, a Palavra de Deus, a Eclesiologia, a Rela\u00e7\u00e3o Igreja-Mundo.<\/p>\n<p>A falta de prepara\u00e7\u00e3o, o sujectivismo dos sacerdotes, o \u201creducionismo horizontalista ou imagin\u00e1rio moralizador\u201d, tornavam a Liturgia suscept\u00edvel de se apresentar apenas como uma reforma exterior. Diagnosticava-se tamb\u00e9m, j\u00e1 ent\u00e3o, uma crise do sacramento da Reconcilia\u00e7\u00e3o.<\/p>\n<p>A Eclesiologia era o n\u00facleo fundamental das preocupa\u00e7\u00f5es. O teor e a pr\u00f3pria organiza\u00e7\u00e3o da Lumen Gentium suscitaram muitos desencontros: oposi\u00e7\u00e3o entre Igreja institui\u00e7\u00e3o e Igreja mist\u00e9rio, entre Povo de Deus e Hierarquia. Levantam-se quest\u00f5es sobre a rela\u00e7\u00e3o entre Igrejas particulares e Igreja universal, \u00e2mbitos e valor da colegialidade, estatuto das Confer\u00eancias Episcopais&#8230; Era claramente sens\u00edvel o desejo de melhoria da comunica\u00e7\u00e3o e consulta &#8211; o que seria talvez o g\u00e9rmen do que viria a sugerir o Cardeal Martini, isto \u00e9, de uma inst\u00e2ncia decis\u00f3ria colegial eficaz.<\/p>\n<p>A Rela\u00e7\u00e3o Igreja-Mundo foi reconhecida como mais dif\u00edcil do que no tempo do Conc\u00edlio: a seculariza\u00e7\u00e3o, o ate\u00edsmo e o materialismo traziam a perda de valores morais, nos pa\u00edses ricos; o aumento da mis\u00e9ria, nos pa\u00edses pobres, tornava aguda a luta pela liberdade e pela justi\u00e7a; multiplicavam-se problemas de paz e focos de guerra; surgiam novas quest\u00f5es com as ci\u00eancias, especialmente na \u00e1rea da biogen\u00e9tica; o lugar da mulher na sociedade e na Igreja era de primeira linha.<\/p>\n<p>Afinal, poder\u00e3o ser, hoje, os trilhos para revisitarmos o Conc\u00edlio; e procurarmos nos seus documentos a luz que nos proporcione uma estrutura interior apta a viver a f\u00e9, a ser Igreja, no nosso tempo. <\/p>\n<p>E, como os Padres Sinodais, na certeza de que as coisas se n\u00e3o resolvem com medidas disciplinares, mas confiando no Esp\u00edrito, dialogando em esperan\u00e7a. \u00c9 importante saber agradecer ao Esp\u00edrito Santo, sem triunfalismos, o caminho andado, ter o sentido da hist\u00f3ria, tomar consci\u00eancia de que uma recep\u00e7\u00e3o conciliar leva muito tempo!<\/p>\n<p>Querubim Silva<\/p>\n","protected":false},"excerpt":{"rendered":"<p>Revisitando o Vaticano II<\/p>\n","protected":false},"author":1,"featured_media":0,"comment_status":"open","ping_status":"open","sticky":false,"template":"","format":"standard","meta":{"footnotes":""},"categories":[59],"tags":[],"class_list":["post-16717","post","type-post","status-publish","format-standard","hentry","category-formacao"],"_links":{"self":[{"href":"https:\/\/sites.ecclesia.pt\/cv\/wp-json\/wp\/v2\/posts\/16717","targetHints":{"allow":["GET"]}}],"collection":[{"href":"https:\/\/sites.ecclesia.pt\/cv\/wp-json\/wp\/v2\/posts"}],"about":[{"href":"https:\/\/sites.ecclesia.pt\/cv\/wp-json\/wp\/v2\/types\/post"}],"author":[{"embeddable":true,"href":"https:\/\/sites.ecclesia.pt\/cv\/wp-json\/wp\/v2\/users\/1"}],"replies":[{"embeddable":true,"href":"https:\/\/sites.ecclesia.pt\/cv\/wp-json\/wp\/v2\/comments?post=16717"}],"version-history":[{"count":0,"href":"https:\/\/sites.ecclesia.pt\/cv\/wp-json\/wp\/v2\/posts\/16717\/revisions"}],"wp:attachment":[{"href":"https:\/\/sites.ecclesia.pt\/cv\/wp-json\/wp\/v2\/media?parent=16717"}],"wp:term":[{"taxonomy":"category","embeddable":true,"href":"https:\/\/sites.ecclesia.pt\/cv\/wp-json\/wp\/v2\/categories?post=16717"},{"taxonomy":"post_tag","embeddable":true,"href":"https:\/\/sites.ecclesia.pt\/cv\/wp-json\/wp\/v2\/tags?post=16717"}],"curies":[{"name":"wp","href":"https:\/\/api.w.org\/{rel}","templated":true}]}}