{"id":16735,"date":"2006-04-03T14:44:00","date_gmt":"2006-04-03T14:44:00","guid":{"rendered":"http:\/\/localhost:81\/wp1\/?p=16735"},"modified":"2006-04-03T14:44:00","modified_gmt":"2006-04-03T14:44:00","slug":"como-o-santo-padre","status":"publish","type":"post","link":"https:\/\/sites.ecclesia.pt\/cv\/como-o-santo-padre\/","title":{"rendered":"Como o Santo Padre!"},"content":{"rendered":"<p>Ponta de Lan\u00e7a <!--more--> Num apontamento desportivo, cabem muitas refer\u00eancias com inspira\u00e7\u00e3o no Papa Jo\u00e3o Paulo II.<\/p>\n<p>Todos sabem os dotes que o Sumo Pont\u00edfice desenvolveu em v\u00e1rias modalidades: esqui, nata\u00e7\u00e3o, caminhada, montanhismo, alpinismo, gin\u00e1stica, canoagem e, como \u00e9 \u00f3bvio, futebol. Estas ser\u00e3o as actividades no desportista Jo\u00e3o Paulo II. Por aqui h\u00e1 mat\u00e9ria para alinharmos a nossa reflex\u00e3o vezes sem conta!<\/p>\n<p>Em todas as modalidades que praticou, as biografias e testemunhos s\u00e3o un\u00e2nimes em considerar o Papa como um deliciado da liberdade (ar puro!) e da tenacidade.<\/p>\n<p>\u00c9 nestas virtudes que se v\u00eaem os campe\u00f5es. Livre para n\u00e3o ser escravo de nada; tenaz para poder ser mais em tudo! (Tamb\u00e9m nas coisas de Deus.)<\/p>\n<p>Quando os crentes rezam e o mundo se interpela perante a liberdade e a tenacidade do Santo Padre, cruzam-se os dois saberes: o divino e o humano. Por um lado o alimento da f\u00e9, por outro lado o sustento raz\u00e3o!<\/p>\n<p>E se s\u00e3o magn\u00edficos os exemplos de incultura\u00e7\u00e3o, em tantas circunst\u00e2ncias da vida, que Jo\u00e3o Paulo II testemunha \u00e0 humanidade, aqui fica mais um para a mole humano do desporto: liberdade e tenacidade,\u2026 sobretudo quando se est\u00e1 a perder!<\/p>\n<p>Obrigado Santo Padre!<\/p>\n<p>Desportivamente\u2026 pelo desporto!<\/p>\n","protected":false},"excerpt":{"rendered":"<p>Ponta de Lan\u00e7a<\/p>\n","protected":false},"author":1,"featured_media":0,"comment_status":"open","ping_status":"open","sticky":false,"template":"","format":"standard","meta":{"footnotes":""},"categories":[46],"tags":[],"class_list":["post-16735","post","type-post","status-publish","format-standard","hentry","category-desporto"],"_links":{"self":[{"href":"https:\/\/sites.ecclesia.pt\/cv\/wp-json\/wp\/v2\/posts\/16735","targetHints":{"allow":["GET"]}}],"collection":[{"href":"https:\/\/sites.ecclesia.pt\/cv\/wp-json\/wp\/v2\/posts"}],"about":[{"href":"https:\/\/sites.ecclesia.pt\/cv\/wp-json\/wp\/v2\/types\/post"}],"author":[{"embeddable":true,"href":"https:\/\/sites.ecclesia.pt\/cv\/wp-json\/wp\/v2\/users\/1"}],"replies":[{"embeddable":true,"href":"https:\/\/sites.ecclesia.pt\/cv\/wp-json\/wp\/v2\/comments?post=16735"}],"version-history":[{"count":0,"href":"https:\/\/sites.ecclesia.pt\/cv\/wp-json\/wp\/v2\/posts\/16735\/revisions"}],"wp:attachment":[{"href":"https:\/\/sites.ecclesia.pt\/cv\/wp-json\/wp\/v2\/media?parent=16735"}],"wp:term":[{"taxonomy":"category","embeddable":true,"href":"https:\/\/sites.ecclesia.pt\/cv\/wp-json\/wp\/v2\/categories?post=16735"},{"taxonomy":"post_tag","embeddable":true,"href":"https:\/\/sites.ecclesia.pt\/cv\/wp-json\/wp\/v2\/tags?post=16735"}],"curies":[{"name":"wp","href":"https:\/\/api.w.org\/{rel}","templated":true}]}}