{"id":16740,"date":"2006-04-03T14:44:00","date_gmt":"2006-04-03T14:44:00","guid":{"rendered":"http:\/\/localhost:81\/wp1\/?p=16740"},"modified":"2006-04-03T14:44:00","modified_gmt":"2006-04-03T14:44:00","slug":"a-tristeza-e-a-boca-do-leao-que-devora-quem-se-entristece","status":"publish","type":"post","link":"https:\/\/sites.ecclesia.pt\/cv\/a-tristeza-e-a-boca-do-leao-que-devora-quem-se-entristece\/","title":{"rendered":"A tristeza \u00e9 a boca do le\u00e3o que devora quem se entristece"},"content":{"rendered":"<p>A tristeza abate a alma e forma-se a partir dos pensamentos da ira.<\/p>\n<p>O desejo de vingan\u00e7a, com efeito, \u00e9 pr\u00f3prio da ira; o fracasso da vingan\u00e7a gera a tristeza; a tristeza \u00e9 a boca do le\u00e3o e facilmente devora aquele que se entristece.<\/p>\n<p>A tristeza \u00e9 um glut\u00e3o do cora\u00e7\u00e3o e alimenta-se da m\u00e3e que o gerou.<\/p>\n<p>Sofre a m\u00e3e quando d\u00e1 \u00e0 luz um filho; por\u00e9m, esta, tendo dado \u00e0 luz, v\u00ea-se livre da dor. A tristeza, ao contr\u00e1rio, enquanto \u00e9 gerada, provoca fortes dores e, sobrevivendo, ap\u00f3s o esfor\u00e7o, n\u00e3o traz sofrimentos menores.<\/p>\n<p>O crist\u00e3o triste n\u00e3o conhece a alegria espiritual, como aquele que acometido por forte febre n\u00e3o reconhece o sabor do mel.<\/p>\n<p>O crist\u00e3o triste n\u00e3o saber\u00e1 como contemplar, nem brota nele uma ora\u00e7\u00e3o pura: a tristeza impede todo o bem.<\/p>\n<p>Ter os p\u00e9s amarrados impede a corrida; assim \u00e9 a tristeza: um obst\u00e1culo para a contempla\u00e7\u00e3o.<\/p>\n<p>O prisioneiro dos b\u00e1rbaros est\u00e1 preso com correntes; a tristeza amarra aquele que \u00e9 prisioneiro das paix\u00f5es.<\/p>\n<p>A tristeza n\u00e3o tem for\u00e7a, assim como n\u00e3o tem for\u00e7a uma corda se lhe faltar quem amarre.<\/p>\n<p>mem\u00f3ria, nem o manso que renuncia \u00e0 vingan\u00e7a, nem o humilde que se v\u00ea privado da honra dos homens, nem o generoso que sofre uma perda financeira. Com efeito, eles evitam, com for\u00e7a, o desejo destas coisas, como efectivamente aquele que corajosamente rejeita os golpes. Assim, o homem que confia no Senhor n\u00e3o \u00e9 ferido pela tristeza.<\/p>\n<p>Ev\u00e1grio P\u00f4ntico<\/p>\n<p>Origin\u00e1rio da Capad\u00f3cia (actual Turquia), Ev\u00e1grio P\u00f4ntico, viveu no s\u00e9c. IV nos desertos do Egipto. \u00c9 um dos chamados \u201cPadres do Deserto\u201d, homens que procuravam a perfei\u00e7\u00e3o crist\u00e3 no isolamento dos lugares in\u00f3spitos e atrav\u00e9s da priva\u00e7\u00e3o dos bens mais elementares.<\/p>\n","protected":false},"excerpt":{"rendered":"<p>A tristeza abate a alma e forma-se a partir dos pensamentos da ira. O desejo de vingan\u00e7a, com efeito, \u00e9 pr\u00f3prio da ira; o fracasso da vingan\u00e7a gera a tristeza; a tristeza \u00e9 a boca do le\u00e3o e facilmente devora aquele que se entristece. A tristeza \u00e9 um glut\u00e3o do cora\u00e7\u00e3o e alimenta-se da m\u00e3e [&hellip;]<\/p>\n","protected":false},"author":1,"featured_media":0,"comment_status":"open","ping_status":"open","sticky":false,"template":"","format":"standard","meta":{"footnotes":""},"categories":[62],"tags":[],"class_list":["post-16740","post","type-post","status-publish","format-standard","hentry","category-opiniao"],"_links":{"self":[{"href":"https:\/\/sites.ecclesia.pt\/cv\/wp-json\/wp\/v2\/posts\/16740","targetHints":{"allow":["GET"]}}],"collection":[{"href":"https:\/\/sites.ecclesia.pt\/cv\/wp-json\/wp\/v2\/posts"}],"about":[{"href":"https:\/\/sites.ecclesia.pt\/cv\/wp-json\/wp\/v2\/types\/post"}],"author":[{"embeddable":true,"href":"https:\/\/sites.ecclesia.pt\/cv\/wp-json\/wp\/v2\/users\/1"}],"replies":[{"embeddable":true,"href":"https:\/\/sites.ecclesia.pt\/cv\/wp-json\/wp\/v2\/comments?post=16740"}],"version-history":[{"count":0,"href":"https:\/\/sites.ecclesia.pt\/cv\/wp-json\/wp\/v2\/posts\/16740\/revisions"}],"wp:attachment":[{"href":"https:\/\/sites.ecclesia.pt\/cv\/wp-json\/wp\/v2\/media?parent=16740"}],"wp:term":[{"taxonomy":"category","embeddable":true,"href":"https:\/\/sites.ecclesia.pt\/cv\/wp-json\/wp\/v2\/categories?post=16740"},{"taxonomy":"post_tag","embeddable":true,"href":"https:\/\/sites.ecclesia.pt\/cv\/wp-json\/wp\/v2\/tags?post=16740"}],"curies":[{"name":"wp","href":"https:\/\/api.w.org\/{rel}","templated":true}]}}