{"id":16742,"date":"2006-04-03T14:44:00","date_gmt":"2006-04-03T14:44:00","guid":{"rendered":"http:\/\/localhost:81\/wp1\/?p=16742"},"modified":"2006-04-03T14:44:00","modified_gmt":"2006-04-03T14:44:00","slug":"contrastes","status":"publish","type":"post","link":"https:\/\/sites.ecclesia.pt\/cv\/contrastes\/","title":{"rendered":"Contrastes"},"content":{"rendered":"<p>Olho de Lince <!--more--> Foi no mesmo programa televisivo. Duas situa\u00e7\u00f5es completamente opostas: \u00e9 cada vez maior o n\u00famero de Idosos, com alta, abandonados nos hospitais, ou porque n\u00e3o t\u00eam fam\u00edlia ou porque ela n\u00e3o os procura, n\u00e3o os quer; por outro lado, algumas av\u00f3s deixam o seu trabalho para serem as amas dos seus netos.<\/p>\n<p>Na realidade, h\u00e1 correntes desumanizantes, que diluem por completo o tecido das rela\u00e7\u00f5es familiares: o ego\u00edsmo, a desenfreada sede de liberdade, a ingratid\u00e3o&#8230; forjam uma gera\u00e7\u00e3o de \u201chumanos anormais\u201d, que amea\u00e7a transformar o futuro num lama\u00e7al que venha a tolher qualquer hip\u00f3tese de vida.<\/p>\n<p>Felizmente continuam a despontar sinais de esperan\u00e7a: a generosidade de tantos av\u00f3s, que se tornam os \u201cmestres\u201d dos seus netos, num afectuoso clima \u201cpedag\u00f3gico\u201d &#8211; o amor , garantia de um desenvolvimento harmonioso, descanso para os pais em dificuldade, preciosa ajuda para filhos em come\u00e7o de vida. \u00c9 nobre: a m\u00e3e que deixa um hor\u00e1rio arrumado de trabalho, um sal\u00e1rio garantido&#8230;, para estar de servi\u00e7o \u00e0 vida, de manh\u00e3 at\u00e9 \u00e0 noite, na pessoa da sua netinha!\t                                                  Q.S.<\/p>\n","protected":false},"excerpt":{"rendered":"<p>Olho de Lince<\/p>\n","protected":false},"author":1,"featured_media":0,"comment_status":"open","ping_status":"open","sticky":false,"template":"","format":"standard","meta":{"footnotes":""},"categories":[48],"tags":[],"class_list":["post-16742","post","type-post","status-publish","format-standard","hentry","category-espaco-comum"],"_links":{"self":[{"href":"https:\/\/sites.ecclesia.pt\/cv\/wp-json\/wp\/v2\/posts\/16742","targetHints":{"allow":["GET"]}}],"collection":[{"href":"https:\/\/sites.ecclesia.pt\/cv\/wp-json\/wp\/v2\/posts"}],"about":[{"href":"https:\/\/sites.ecclesia.pt\/cv\/wp-json\/wp\/v2\/types\/post"}],"author":[{"embeddable":true,"href":"https:\/\/sites.ecclesia.pt\/cv\/wp-json\/wp\/v2\/users\/1"}],"replies":[{"embeddable":true,"href":"https:\/\/sites.ecclesia.pt\/cv\/wp-json\/wp\/v2\/comments?post=16742"}],"version-history":[{"count":0,"href":"https:\/\/sites.ecclesia.pt\/cv\/wp-json\/wp\/v2\/posts\/16742\/revisions"}],"wp:attachment":[{"href":"https:\/\/sites.ecclesia.pt\/cv\/wp-json\/wp\/v2\/media?parent=16742"}],"wp:term":[{"taxonomy":"category","embeddable":true,"href":"https:\/\/sites.ecclesia.pt\/cv\/wp-json\/wp\/v2\/categories?post=16742"},{"taxonomy":"post_tag","embeddable":true,"href":"https:\/\/sites.ecclesia.pt\/cv\/wp-json\/wp\/v2\/tags?post=16742"}],"curies":[{"name":"wp","href":"https:\/\/api.w.org\/{rel}","templated":true}]}}