{"id":16743,"date":"2006-04-03T14:44:00","date_gmt":"2006-04-03T14:44:00","guid":{"rendered":"http:\/\/localhost:81\/wp1\/?p=16743"},"modified":"2006-04-03T14:44:00","modified_gmt":"2006-04-03T14:44:00","slug":"agora-como-casa-municipal-da-cultura","status":"publish","type":"post","link":"https:\/\/sites.ecclesia.pt\/cv\/agora-como-casa-municipal-da-cultura\/","title":{"rendered":"Agora como Casa Municipal da Cultura"},"content":{"rendered":"<p>Cultura regressa ao Edif\u00edcio Fernando T\u00e1vora <!--more--> A Casa Municipal da Cultura de Aveiro \u2013 Edif\u00edcio Fernando T\u00e1vora foi inaugurada no domingo, numa cerim\u00f3nia em que tamb\u00e9m foram assinados os protocolos com as colectividades para a ced\u00eancia de espa\u00e7os para as suas sedes.<\/p>\n<p>A inaugura\u00e7\u00e3o da Casa Municipal da Cultura de Aveiro marca o regresso da cultura a este edif\u00edcio projectado pelo arquitecto Fernando T\u00e1vora, inaugurado no in\u00edcio da d\u00e9cada de 1970, para albergar o posto de turismo, a biblioteca municipal, o arquivo, o sal\u00e3o cultural e a reparti\u00e7\u00e3o de finan\u00e7as. Durante as obras de restauro do im\u00f3vel dos Pa\u00e7os do Concelho, situado no lado oposto da Pra\u00e7a da Rep\u00fablica, este edif\u00edcio foi ocupado pelos servi\u00e7os da autarquia.<\/p>\n<p>Para al\u00e9m de acolher in\u00fameras colectividades e associa\u00e7\u00f5es culturais do concelho, disponibilizando espa\u00e7os para sedes individuais a cada uma dessas entidades, a Casa Municipal da Cultura possui ainda dois espa\u00e7os polivalentes para a realiza\u00e7\u00e3o de pequenos eventos, n\u00e3o s\u00f3 pelas associa\u00e7\u00f5es a\u00ed instaladas, mas tamb\u00e9m pela sociedade civil, pelo tecido empresarial e pelo p\u00fablico, como sublinhou Alberto Souto, presidente da autarquia aveirense.<\/p>\n<p>O espa\u00e7o internet existente no piso inferior ser\u00e1 refor\u00e7ado, funcionando como um verdadeiro cyber-centro. Ainda nesse piso dever\u00e1 surgir um caf\u00e9 concerto ou um restaurante, aproveitando o amplo espa\u00e7o de esplanada e a vista para a ria, de modo a \u201catrair as pessoas\u201d, afirmou o autarca, para quem \u201ctodo o edif\u00edcio ganha uma nova vida\u201d.<\/p>\n<p>Alberto Souto lembrou que \u201cas associa\u00e7\u00f5es nunca precisaram de boas sedes para fazerem coisas boas em Aveiro\u201d, mas a abertura da Casa Municipal da Cultura, com a ced\u00eancia de sedes \u00e0s associa\u00e7\u00f5es, \u201c\u00e9 o reconhecimento desse trabalho\u201d, at\u00e9 porque, se algumas colectividades j\u00e1 estavam sediadas em espa\u00e7os municipais, outras n\u00e3o tinham sede pr\u00f3pria.<\/p>\n<p>Depois de recordar aos dirigentes associativos que \u201cfica \u00e0 vossa responsabilidade o bom uso do edif\u00edcio\u201d, o edil deseja que o mesmo seja \u201cum ponto de refer\u00eancia para a cidade\u201d.<\/p>\n","protected":false},"excerpt":{"rendered":"<p>Cultura regressa ao Edif\u00edcio Fernando T\u00e1vora<\/p>\n","protected":false},"author":1,"featured_media":0,"comment_status":"open","ping_status":"open","sticky":false,"template":"","format":"standard","meta":{"footnotes":""},"categories":[38],"tags":[],"class_list":["post-16743","post","type-post","status-publish","format-standard","hentry","category-destaque"],"_links":{"self":[{"href":"https:\/\/sites.ecclesia.pt\/cv\/wp-json\/wp\/v2\/posts\/16743","targetHints":{"allow":["GET"]}}],"collection":[{"href":"https:\/\/sites.ecclesia.pt\/cv\/wp-json\/wp\/v2\/posts"}],"about":[{"href":"https:\/\/sites.ecclesia.pt\/cv\/wp-json\/wp\/v2\/types\/post"}],"author":[{"embeddable":true,"href":"https:\/\/sites.ecclesia.pt\/cv\/wp-json\/wp\/v2\/users\/1"}],"replies":[{"embeddable":true,"href":"https:\/\/sites.ecclesia.pt\/cv\/wp-json\/wp\/v2\/comments?post=16743"}],"version-history":[{"count":0,"href":"https:\/\/sites.ecclesia.pt\/cv\/wp-json\/wp\/v2\/posts\/16743\/revisions"}],"wp:attachment":[{"href":"https:\/\/sites.ecclesia.pt\/cv\/wp-json\/wp\/v2\/media?parent=16743"}],"wp:term":[{"taxonomy":"category","embeddable":true,"href":"https:\/\/sites.ecclesia.pt\/cv\/wp-json\/wp\/v2\/categories?post=16743"},{"taxonomy":"post_tag","embeddable":true,"href":"https:\/\/sites.ecclesia.pt\/cv\/wp-json\/wp\/v2\/tags?post=16743"}],"curies":[{"name":"wp","href":"https:\/\/api.w.org\/{rel}","templated":true}]}}