{"id":16744,"date":"2006-04-03T14:44:00","date_gmt":"2006-04-03T14:44:00","guid":{"rendered":"http:\/\/localhost:81\/wp1\/?p=16744"},"modified":"2006-04-03T14:44:00","modified_gmt":"2006-04-03T14:44:00","slug":"dois-novos-espacos-de-cultura-em-aveiro","status":"publish","type":"post","link":"https:\/\/sites.ecclesia.pt\/cv\/dois-novos-espacos-de-cultura-em-aveiro\/","title":{"rendered":"Dois novos espa\u00e7os de cultura em Aveiro"},"content":{"rendered":"<p>Nobel e Valentim de Carvalho <!--more--> Em Aveiro j\u00e1 \u00e9 poss\u00edvel ir a uma livraria tomar caf\u00e9, enquanto se folheia um livro ou uma revista, e se ouve uma boa m\u00fasica de fundo, ao mesmo tempo que as crian\u00e7as ficam entretidos numa sec\u00e7\u00e3o com material infantil. No largo das 5 Bicas, no espa\u00e7o da antiga livraria Acad\u00e9mica est\u00e1 agora a Nobel, uma livraria que concilia tudo isso, tal como acontece na renovada da Valentim de Carvalho, situada no F\u00f3rum.<\/p>\n<p>A rede brasileira de livrarias Nobel chegou a Aveiro, onde abriu a sua primeira loja em Portugal, espa\u00e7o em que est\u00e3o representadas as editoras nacionais, com \u201cum complemento das editoras do Brasil, nomeadamente a Nobel, a Studio Nobel e a Marco Zero\u201d, disse Nuno Coutinho, director da rede em Portugal. Para este empres\u00e1rio, a aposta brasileira nos livros t\u00e9cnicos \u201c\u00e9 uma realidade, dado que l\u00e1 aposta-se muito nas tradu\u00e7\u00f5es e na cria\u00e7\u00e3o de livros t\u00e9cnicos, pelo que \u00e9 um bom complemento para as nossas livrarias\u201d.<\/p>\n<p>No renovado espa\u00e7o da antiga Livraria Acad\u00e9mica, junto \u00e0s 5 Bicas, vai haver um \u201cpouco de tudo\u201d, desde as boas editoras at\u00e9 aos livros regionais, j\u00e1 que \u201cestamos abertos a todo o tipo de editoras\u201d, para al\u00e9m do espa\u00e7o de jornais e revistas e da sec\u00e7\u00f5es de CD e de DVD, de uma zona para as crian\u00e7as e de uma cafetaria.<\/p>\n<p>A Nobel aveirense \u00e9 a representante da rede Nobel para Portugal, rede que tem prevista a abertura de mais oito livrarias no Pa\u00eds, em Lisboa, Porto e Funchal, entre outras. <\/p>\n<p>A Valentim de Carvalho reabriu completamente remodelada no F\u00f3rum de Aveiro, apresentando um \u201cnovo conceito\u201d que, de acordo com Carmen Figueira, \u201cvai ao encontro das pessoas que procuram este tipo de produtos num s\u00f3 espa\u00e7o\u201d e que \u201c\u00e9 uma alternativa aos hipermercados, que s\u00e3o praticamente os \u00fanicos espa\u00e7os em que se podem encontrar livros, revistas, jornais, discos, filmes e jogos, no mesmo s\u00edtio\u201d, com a vantagem de aqui \u201chaver um pequeno caf\u00e9, onde as pessoas podem tomar um caf\u00e9, folhear um jornal ou um livro e ouvir uma m\u00fasica\u201d, at\u00e9 porque a ideia \u201c\u00e9 que as pessoas n\u00e3o entrem s\u00f3 para comprar, mas para se encontrarem e passarem um bom bocado\u201d.<\/p>\n<p>Na vertente musical, a Valentim de Carvalho \u00e9 uma editora com reconhecidos cr\u00e9ditos, onde a aposta n\u00e3o se limita \u00e0 m\u00fasica pop, \u201cque \u00e9 a mais procurada neste momento. Tentamos abranger todos os p\u00fablicos, com a cl\u00e1ssica, o jazz, estilos que em Aveiro s\u00e3o bastante procurados\u201d.<\/p>\n<p>Para al\u00e9m dos pr\u00f3prios produtos, a Valentim de Carvalho apresenta produtos de outras editoras, nomeadamente CD e DVD. Quanto a estes \u00faltimos, \u201ctemos uma vasta gama de filmes, os quais ocupam metade da \u00e1rea reservada a CD e DVD, porque t\u00eam cada vez mais procura, e n\u00f3s tentamos dar variedade para que as pessoas possam escolher\u201d.<\/p>\n<p>A sec\u00e7\u00e3o de livraria ocupa praticamente metade do espa\u00e7o da renovada loja, onde \u201ctentamos ter todo o g\u00e9nero de livros, desde a literatura aos livros t\u00e9cnicos. Como estamos numa zona com bastantes empresas e com a Universidade aqui na cidade, tentamos dar \u00e0s pessoas o que elas precisam e o que elas gostam; n\u00e3o s\u00f3 literatura recreativa e de lazer, mas tamb\u00e9m profissional, desde a medicina \u00e0 inform\u00e1tica\u201d, de todas as editoras.<\/p>\n","protected":false},"excerpt":{"rendered":"<p>Nobel e Valentim de Carvalho<\/p>\n","protected":false},"author":1,"featured_media":0,"comment_status":"open","ping_status":"open","sticky":false,"template":"","format":"standard","meta":{"footnotes":""},"categories":[38],"tags":[],"class_list":["post-16744","post","type-post","status-publish","format-standard","hentry","category-destaque"],"_links":{"self":[{"href":"https:\/\/sites.ecclesia.pt\/cv\/wp-json\/wp\/v2\/posts\/16744","targetHints":{"allow":["GET"]}}],"collection":[{"href":"https:\/\/sites.ecclesia.pt\/cv\/wp-json\/wp\/v2\/posts"}],"about":[{"href":"https:\/\/sites.ecclesia.pt\/cv\/wp-json\/wp\/v2\/types\/post"}],"author":[{"embeddable":true,"href":"https:\/\/sites.ecclesia.pt\/cv\/wp-json\/wp\/v2\/users\/1"}],"replies":[{"embeddable":true,"href":"https:\/\/sites.ecclesia.pt\/cv\/wp-json\/wp\/v2\/comments?post=16744"}],"version-history":[{"count":0,"href":"https:\/\/sites.ecclesia.pt\/cv\/wp-json\/wp\/v2\/posts\/16744\/revisions"}],"wp:attachment":[{"href":"https:\/\/sites.ecclesia.pt\/cv\/wp-json\/wp\/v2\/media?parent=16744"}],"wp:term":[{"taxonomy":"category","embeddable":true,"href":"https:\/\/sites.ecclesia.pt\/cv\/wp-json\/wp\/v2\/categories?post=16744"},{"taxonomy":"post_tag","embeddable":true,"href":"https:\/\/sites.ecclesia.pt\/cv\/wp-json\/wp\/v2\/tags?post=16744"}],"curies":[{"name":"wp","href":"https:\/\/api.w.org\/{rel}","templated":true}]}}