{"id":16746,"date":"2006-04-03T14:44:00","date_gmt":"2006-04-03T14:44:00","guid":{"rendered":"http:\/\/localhost:81\/wp1\/?p=16746"},"modified":"2006-04-03T14:44:00","modified_gmt":"2006-04-03T14:44:00","slug":"pao-com-palavra","status":"publish","type":"post","link":"https:\/\/sites.ecclesia.pt\/cv\/pao-com-palavra\/","title":{"rendered":"P\u00e3o com Palavra"},"content":{"rendered":"<p>Catequeses Quaresmais <!--more--> Como se desvalorizava a Palavra. \u201cHoje, h\u00e1 muito mais gente atenta \u00e0 proclama\u00e7\u00e3o da Palavra\u201d, disse D. Ant\u00f3nio Marcelino, referindo-se \u00e0s pessoas que ouvem a homilia, na terceira catequese quaresmal, intitulada \u201cA for\u00e7a determinante da Palavra de Deus\u201d. Mas nem sempre foi assim. \u201cVimos de um tempo, que ainda \u00e9 mem\u00f3ria de alguns, em que se dizia que a missa dominical era sobretudo um preceito. Para se sossegar a consci\u00eancia desta obriga\u00e7\u00e3o grave, estabeleciam-se as balizas e diziam os moralistas que, \u201cpara cumprir o preceito sem incorrer em pecado grave, bastava chegar ao credo ou ao ofert\u00f3rio\u201d. Era assim que se entendia o mandamento da Igreja de \u201couvir missa inteira\u201d. Como a Palavra de Deus era proferida em latim e os p\u00e1rocos s\u00f3 mais tarde foram obrigados a fazer homilia [em Portugal, o Concilio Plen\u00e1rio de 1926 obriga os p\u00e1rocos a fazer homilia ao domingo!], s\u00f3 a parte eucar\u00edstica era importante. (\u2026) Tudo se fazia de costas para o povo. Era um sintoma. Assim se foi desvalorizando a Palavra. Escut\u00e1-la estava reservado para as prega\u00e7\u00f5es e miss\u00f5es populares e, ent\u00e3o, andavam-se muitos quil\u00f3metros a p\u00e9 para a escutar, mormente na Quaresma\u201d, escreve D. Ant\u00f3nio na folha que distribui ao \u201ccatequizandos\u201d.<\/p>\n<p>Comer a Palavra. Hoje n\u00e3o se pode entender a Eucaristia sem a Palavra. Ali\u00e1s, a Eucaristia \u00e9 uma mesa dupla: do P\u00e3o e da Palavra (ou ent\u00e3o, uma mesa \u00fanica: a da Palavra, Jesus, o Verbo, que se faz p\u00e3o), como diz o Papa, na Carta para este Ano: \u201cA Eucaristia \u00e9 luz, antes de mais nada porque, em cada Missa, a liturgia da Palavra de Deus precede a liturgia Eucar\u00edstica, na unidade das duas \u00abmesas\u00bb \u2014 a da Palavra e a do P\u00e3o\u201d.<\/p>\n<p>Justifica-se assim o gesto ordenado ao profeta Ezequiel, muito antes de Jesus se ter oferecido como P\u00e3o e Palavra: \u00abDisse-me: \u201cFilho de homem, come aquilo que te \u00e9 apresentado, como este manuscrito e vai falar \u00e0 casa de Israel.\u201d Abri a boca e Ele deu-me o manuscrito a comer. (\u2026) Comi-o e ele foi na minha boca, doce como o mel\u00bb (Ez 3,1-3).<\/p>\n<p>Cultura da imagem. Dois fen\u00f3menos contribuem, nos tempos que correm, para a subalterniza\u00e7\u00e3o da palavra. Por um lado, \u201ca cultura actual privilegia sobretudo a imagem\u201d. A palavra n\u00e3o chega. \u00c9 preciso ver. \u201cMostra-me!\u201d &#8211; \u00e9 a ordem. Por outro, h\u00e1 palavras em excesso. \u201cSomos bombardeados por mil coisas. E, quando chega \u00e0 altura de dar raz\u00f5es da f\u00e9, h\u00e1 d\u00favidas\u201d, diz D. Ant\u00f3nio Marcelino. E escreve: \u00abOuvimos muitas vezes: \u201cEstamos fartos de palavras, queremos obras\u201d\u00bb. Mas Isa\u00edas fala da perman\u00eancia da palavra: \u201cSeca a erva e murcha a flor, quando o vento sopre sobre elas; mas a palavra do nosso Deus, subsiste para sempre\u201d (Is 40,7-8). \u00c9 caso para dizer que, apesar de tudo, uma palavra vale mil imagens.<\/p>\n<p>A resposta. \u201cA Palavra proclamada, escutada, acolhida e comentada, conduz naturalmente \u00e0 profiss\u00e3o de f\u00e9 a \u00e0 ora\u00e7\u00e3o universal e, por fim, \u00e0 Eucaristia, como efeitos imediatos. Vai depois tornar-se vida na vida do dia-a-dia. Essa \u00e9 a resposta esperada\u201d, diz o Bispo de Aveiro.<\/p>\n<p>Para que a Palavra seja bem acolhida (\u201cGra\u00e7as a Deus!\u201d, \u201cGl\u00f3ria a v\u00f3s Senhor!\u201d), imp\u00f5em-se, no entanto, algumas condi\u00e7\u00f5es: os leitores t\u00eam de ler bem; as condi\u00e7\u00f5es ac\u00fasticas do espa\u00e7o celebrativo t\u00eam de ser as ideais; a homilia, bem preparada (disse D. Ant\u00f3nio que h\u00e1 padres que come\u00e7am a preparar a do domingo seguinte logo na segunda-feira, com a leitura dos textos). E mais estas que n\u00e3o se dispensam: \u201cO sil\u00eancio acolhedor e o prop\u00f3sito de levar a Palavra para a vida\u201d.                                            J.P.F.<\/p>\n<p>A pr\u00f3xima catequese \u00e9 sexta-feira, 11 de Mar\u00e7o, \u00e0s 21h15 no Sal\u00e3o de S. Domingos, e tem como tema: \u201cEntregue por n\u00f3s e pala nossa salva\u00e7\u00e3o. Assim o pai \u00e9 glorificado\u201d.<\/p>\n","protected":false},"excerpt":{"rendered":"<p>Catequeses Quaresmais<\/p>\n","protected":false},"author":1,"featured_media":0,"comment_status":"open","ping_status":"open","sticky":false,"template":"","format":"standard","meta":{"footnotes":""},"categories":[70],"tags":[],"class_list":["post-16746","post","type-post","status-publish","format-standard","hentry","category-diocese"],"_links":{"self":[{"href":"https:\/\/sites.ecclesia.pt\/cv\/wp-json\/wp\/v2\/posts\/16746","targetHints":{"allow":["GET"]}}],"collection":[{"href":"https:\/\/sites.ecclesia.pt\/cv\/wp-json\/wp\/v2\/posts"}],"about":[{"href":"https:\/\/sites.ecclesia.pt\/cv\/wp-json\/wp\/v2\/types\/post"}],"author":[{"embeddable":true,"href":"https:\/\/sites.ecclesia.pt\/cv\/wp-json\/wp\/v2\/users\/1"}],"replies":[{"embeddable":true,"href":"https:\/\/sites.ecclesia.pt\/cv\/wp-json\/wp\/v2\/comments?post=16746"}],"version-history":[{"count":0,"href":"https:\/\/sites.ecclesia.pt\/cv\/wp-json\/wp\/v2\/posts\/16746\/revisions"}],"wp:attachment":[{"href":"https:\/\/sites.ecclesia.pt\/cv\/wp-json\/wp\/v2\/media?parent=16746"}],"wp:term":[{"taxonomy":"category","embeddable":true,"href":"https:\/\/sites.ecclesia.pt\/cv\/wp-json\/wp\/v2\/categories?post=16746"},{"taxonomy":"post_tag","embeddable":true,"href":"https:\/\/sites.ecclesia.pt\/cv\/wp-json\/wp\/v2\/tags?post=16746"}],"curies":[{"name":"wp","href":"https:\/\/api.w.org\/{rel}","templated":true}]}}