{"id":16747,"date":"2006-04-03T14:44:00","date_gmt":"2006-04-03T14:44:00","guid":{"rendered":"http:\/\/localhost:81\/wp1\/?p=16747"},"modified":"2006-04-03T14:44:00","modified_gmt":"2006-04-03T14:44:00","slug":"rito-da-comunhao-ordem-e-serenidade","status":"publish","type":"post","link":"https:\/\/sites.ecclesia.pt\/cv\/rito-da-comunhao-ordem-e-serenidade\/","title":{"rendered":"Rito da comunh\u00e3o &#8211; ordem e serenidade"},"content":{"rendered":"<p>Reaprender&#8230; para viver melhor <!--more--> A comunh\u00e3o do Corpo de Cristo \u00e9 um convite feito a todos e que enriquece de gra\u00e7a e de felicidade os que o acolhem e lhe respondem. Tudo, no momento, deve ser express\u00e3o de respeito e de gratid\u00e3o.<\/p>\n<p>Onde ainda n\u00e3o acontece, eduquem-se as pessoas para que se aproximem ordenadamente e sem pressa, do local onde v\u00e3o comungar, e regressem de igual modo ao seu lugar.<\/p>\n<p>H\u00e1 sempre um caminho a fazer, no sentido de aperfei\u00e7oar a viv\u00eancia deste momento de \u00edntimo encontro com Jesus Cristo, sem descurar a vertente comunit\u00e1ria do mesmo encontro. \u00c9 cada um de n\u00f3s que se aproxima. Mas cada um aproxima-se como membro de uma comunidade org\u00e2nica.<\/p>\n<p>A \u201cdevo\u00e7\u00e3o individual\u201d n\u00e3o pode atropelar o \u201cclima comunit\u00e1rio\u201d que se vive; o ambiente que se instala na comunidade n\u00e3o pode perturbar a profundidade do encontro. Da\u00ed, esta exig\u00eancia de ordem e serenidade, que reforce a atitude pessoal de acolhimento e favore\u00e7a o ambiente comunit\u00e1rio de alegria, de gratid\u00e3o, de intimidade.<\/p>\n<p>N\u00e3o \u00e9 ocasi\u00e3o de cumprimentar quem se encontra, \u00e0 ida ou \u00e0 vinda, de deitar a moeda no cesto que n\u00e3o passou perto, de for\u00e7ar uma entrada na fila, de regressar \u201cem contra-m\u00e3o\u201d perturbando os que se aproximam&#8230; <\/p>\n<p>Q.S.<\/p>\n","protected":false},"excerpt":{"rendered":"<p>Reaprender&#8230; para viver melhor<\/p>\n","protected":false},"author":1,"featured_media":0,"comment_status":"open","ping_status":"open","sticky":false,"template":"","format":"standard","meta":{"footnotes":""},"categories":[41],"tags":[],"class_list":["post-16747","post","type-post","status-publish","format-standard","hentry","category-eucaristia"],"_links":{"self":[{"href":"https:\/\/sites.ecclesia.pt\/cv\/wp-json\/wp\/v2\/posts\/16747","targetHints":{"allow":["GET"]}}],"collection":[{"href":"https:\/\/sites.ecclesia.pt\/cv\/wp-json\/wp\/v2\/posts"}],"about":[{"href":"https:\/\/sites.ecclesia.pt\/cv\/wp-json\/wp\/v2\/types\/post"}],"author":[{"embeddable":true,"href":"https:\/\/sites.ecclesia.pt\/cv\/wp-json\/wp\/v2\/users\/1"}],"replies":[{"embeddable":true,"href":"https:\/\/sites.ecclesia.pt\/cv\/wp-json\/wp\/v2\/comments?post=16747"}],"version-history":[{"count":0,"href":"https:\/\/sites.ecclesia.pt\/cv\/wp-json\/wp\/v2\/posts\/16747\/revisions"}],"wp:attachment":[{"href":"https:\/\/sites.ecclesia.pt\/cv\/wp-json\/wp\/v2\/media?parent=16747"}],"wp:term":[{"taxonomy":"category","embeddable":true,"href":"https:\/\/sites.ecclesia.pt\/cv\/wp-json\/wp\/v2\/categories?post=16747"},{"taxonomy":"post_tag","embeddable":true,"href":"https:\/\/sites.ecclesia.pt\/cv\/wp-json\/wp\/v2\/tags?post=16747"}],"curies":[{"name":"wp","href":"https:\/\/api.w.org\/{rel}","templated":true}]}}