{"id":16748,"date":"2006-04-03T14:44:00","date_gmt":"2006-04-03T14:44:00","guid":{"rendered":"http:\/\/localhost:81\/wp1\/?p=16748"},"modified":"2006-04-03T14:44:00","modified_gmt":"2006-04-03T14:44:00","slug":"actividades-pastorais-75","status":"publish","type":"post","link":"https:\/\/sites.ecclesia.pt\/cv\/actividades-pastorais-75\/","title":{"rendered":"Actividades Pastorais"},"content":{"rendered":"<p>Na quinta feira, o senhor Bispo recebeu alguns padres, trabalhou com a respons\u00e1vel diocesana do ensino religioso nas escolas e com os membros indicados para a Comiss\u00e3o Diocesana da Pastoral da Cultura, e deslocou-se, ao fim do dia, \u00e0 par\u00f3quia da Amoreira da G\u00e2ndara, para um encontro com o Conselho Econ\u00f3mico Paroquial. Na sexta feira, orientou a terceira catequese quaresmal. Visitou, na manh\u00e3 de s\u00e1bado, alguns sacerdotes. No Domingo celebrou, de manh\u00e3, a Confirma\u00e7\u00e3o na par\u00f3quia da Gafanha da Boa Hora e, de tarde, presidiu ao encerramento da Semana B\u00edblica, na par\u00f3quia da Murtosa.<\/p>\n<p>Na ter\u00e7a feira, o senhor Bispo deslocou-se a F\u00e1tima para a reuni\u00e3o mensal do Conselho Permanente do Episcopado. Visitou, na manh\u00e3 de quarta feira, as par\u00f3quias e os centros sociais de Nossa Senhora de F\u00e1tima e de Eirol, acompanhado pelo p\u00e1roco.<\/p>\n","protected":false},"excerpt":{"rendered":"<p>Na quinta feira, o senhor Bispo recebeu alguns padres, trabalhou com a respons\u00e1vel diocesana do ensino religioso nas escolas e com os membros indicados para a Comiss\u00e3o Diocesana da Pastoral da Cultura, e deslocou-se, ao fim do dia, \u00e0 par\u00f3quia da Amoreira da G\u00e2ndara, para um encontro com o Conselho Econ\u00f3mico Paroquial. Na sexta feira, [&hellip;]<\/p>\n","protected":false},"author":1,"featured_media":0,"comment_status":"open","ping_status":"open","sticky":false,"template":"","format":"standard","meta":{"footnotes":""},"categories":[70],"tags":[],"class_list":["post-16748","post","type-post","status-publish","format-standard","hentry","category-diocese"],"_links":{"self":[{"href":"https:\/\/sites.ecclesia.pt\/cv\/wp-json\/wp\/v2\/posts\/16748","targetHints":{"allow":["GET"]}}],"collection":[{"href":"https:\/\/sites.ecclesia.pt\/cv\/wp-json\/wp\/v2\/posts"}],"about":[{"href":"https:\/\/sites.ecclesia.pt\/cv\/wp-json\/wp\/v2\/types\/post"}],"author":[{"embeddable":true,"href":"https:\/\/sites.ecclesia.pt\/cv\/wp-json\/wp\/v2\/users\/1"}],"replies":[{"embeddable":true,"href":"https:\/\/sites.ecclesia.pt\/cv\/wp-json\/wp\/v2\/comments?post=16748"}],"version-history":[{"count":0,"href":"https:\/\/sites.ecclesia.pt\/cv\/wp-json\/wp\/v2\/posts\/16748\/revisions"}],"wp:attachment":[{"href":"https:\/\/sites.ecclesia.pt\/cv\/wp-json\/wp\/v2\/media?parent=16748"}],"wp:term":[{"taxonomy":"category","embeddable":true,"href":"https:\/\/sites.ecclesia.pt\/cv\/wp-json\/wp\/v2\/categories?post=16748"},{"taxonomy":"post_tag","embeddable":true,"href":"https:\/\/sites.ecclesia.pt\/cv\/wp-json\/wp\/v2\/tags?post=16748"}],"curies":[{"name":"wp","href":"https:\/\/api.w.org\/{rel}","templated":true}]}}