{"id":16749,"date":"2006-04-03T14:44:00","date_gmt":"2006-04-03T14:44:00","guid":{"rendered":"http:\/\/localhost:81\/wp1\/?p=16749"},"modified":"2006-04-03T14:44:00","modified_gmt":"2006-04-03T14:44:00","slug":"partilha-quaresmal-para-a-diocese-do-mindelo","status":"publish","type":"post","link":"https:\/\/sites.ecclesia.pt\/cv\/partilha-quaresmal-para-a-diocese-do-mindelo\/","title":{"rendered":"Partilha Quaresmal para a Diocese do Mindelo"},"content":{"rendered":"<p>Criada em 2003, precisa da nossa ajuda <!--more--> A nova diocese do Mindelo, criada em 9 de Dezembro de 2003, \u00e9 a segunda diocese de Cabo Verde; e tem como seu primeiro bispo D. Arlindo Gomes Furtado. Natural do pa\u00eds, fez o seu curso teol\u00f3gico no ISET de Coimbra, onde estudam tamb\u00e9m os alunos de Teologia de Aveiro.<\/p>\n<p>D. Arlindo fez um apelo de ajuda \u00e0 Confer\u00eancia Episcopal Portuguesa, para poder responder a necessidades fundamentais de uma diocese nascente de um pa\u00eds pobre. V\u00e1rias dioceses de Portugal est\u00e3o respondendo a este apelo com a partilha quaresmal deste ano. Assim, tamb\u00e9m, a Diocese de Aveiro, tal como fora anunciado logo no in\u00edcio da Quaresma.<\/p>\n<p>Dois problemas nos foram apresentados pelo novo bispo: colaborar na campanha \u201cUma B\u00edblia por fam\u00edlia\u201d e na constru\u00e7\u00e3o do \u201cCentro Diocesano Teol\u00f3gico-Pastoral\u201d.<\/p>\n<p>A Diocese do Mindelo tem 45 mil fam\u00edlias e est\u00e1 j\u00e1 realizando um curso b\u00edblico, que atinge 900 participantes nas diversas ilhas da diocese.<\/p>\n<p>A campanha da B\u00edblia decorre ao longo de quatro anos pastorais, com cursos e encontros j\u00e1 programados, de introdu\u00e7\u00e3o e estudo da Palavra de Deus, para que a entrega do Livro tenha sentido e sequ\u00eancia. <\/p>\n<p>Para a constru\u00e7\u00e3o do Centro Diocesano, D. Arlindo est\u00e1 procurando tamb\u00e9m apoios em pa\u00edses tradicionalmente generosos. Para a\u00ed poder\u00e1 ser encaminhada a nossa partilha, se o Bispo Diocesano assim o entender.<\/p>\n<p>Sabemos que numa diocese que come\u00e7a, de um modo geral faz falta muita coisa. Vamos colaborar, de modo fraterno e generoso, com esta Diocese irm\u00e3.<\/p>\n<p>Pede-se aos p\u00e1rocos que, passada a Quaresma, entreguem na Tesouraria Diocesana o produto recolhido, para que possa ser enviado, quanto antes, ao seu destino. <\/p>\n","protected":false},"excerpt":{"rendered":"<p>Criada em 2003, precisa da nossa ajuda<\/p>\n","protected":false},"author":1,"featured_media":0,"comment_status":"open","ping_status":"open","sticky":false,"template":"","format":"standard","meta":{"footnotes":""},"categories":[70],"tags":[],"class_list":["post-16749","post","type-post","status-publish","format-standard","hentry","category-diocese"],"_links":{"self":[{"href":"https:\/\/sites.ecclesia.pt\/cv\/wp-json\/wp\/v2\/posts\/16749","targetHints":{"allow":["GET"]}}],"collection":[{"href":"https:\/\/sites.ecclesia.pt\/cv\/wp-json\/wp\/v2\/posts"}],"about":[{"href":"https:\/\/sites.ecclesia.pt\/cv\/wp-json\/wp\/v2\/types\/post"}],"author":[{"embeddable":true,"href":"https:\/\/sites.ecclesia.pt\/cv\/wp-json\/wp\/v2\/users\/1"}],"replies":[{"embeddable":true,"href":"https:\/\/sites.ecclesia.pt\/cv\/wp-json\/wp\/v2\/comments?post=16749"}],"version-history":[{"count":0,"href":"https:\/\/sites.ecclesia.pt\/cv\/wp-json\/wp\/v2\/posts\/16749\/revisions"}],"wp:attachment":[{"href":"https:\/\/sites.ecclesia.pt\/cv\/wp-json\/wp\/v2\/media?parent=16749"}],"wp:term":[{"taxonomy":"category","embeddable":true,"href":"https:\/\/sites.ecclesia.pt\/cv\/wp-json\/wp\/v2\/categories?post=16749"},{"taxonomy":"post_tag","embeddable":true,"href":"https:\/\/sites.ecclesia.pt\/cv\/wp-json\/wp\/v2\/tags?post=16749"}],"curies":[{"name":"wp","href":"https:\/\/api.w.org\/{rel}","templated":true}]}}