{"id":16777,"date":"2006-04-03T14:44:00","date_gmt":"2006-04-03T14:44:00","guid":{"rendered":"http:\/\/localhost:81\/wp1\/?p=16777"},"modified":"2006-04-03T14:44:00","modified_gmt":"2006-04-03T14:44:00","slug":"papa-nao-preside-as-cerimonias-da-semana-santa","status":"publish","type":"post","link":"https:\/\/sites.ecclesia.pt\/cv\/papa-nao-preside-as-cerimonias-da-semana-santa\/","title":{"rendered":"Papa n\u00e3o preside \u00e0s cerim\u00f3nias da Semana Santa"},"content":{"rendered":"<p>Jo\u00e3o Paulo II de regressso ao Vaticano <!--more--> Jo\u00e3o Paulo II regressou no domingo ao Vaticano ap\u00f3s ter estado hospitalizado 18 dias, desde o passado dia 24 de Fevereiro, na sequ\u00eancia de complica\u00e7\u00f5es respirat\u00f3rias. Desde h\u00e1 v\u00e1rios dias era claro que o Papa estava a recuperar progressivamente da traqueotomia a que tinha sido submetido e antes de deixar a cl\u00ednica Gemelli dirigiu algumas palavras aos peregrinos, ap\u00f3s a ora\u00e7\u00e3o do Angelus. Segundo as ag\u00eancias noticiosas, o Papa n\u00e3o vai presidir \u00e0s cerim\u00f3nias da Semana Santa, tendo j\u00e1 delegado em diversos cardeais as presid\u00eancias da Missa de Ramos, das celebra\u00e7\u00f5es de Quinta-feira Santa e da Vig\u00edlia Pascal. Restam d\u00favidas quanto \u00e0 Via-Sacra no Coliseu de Roma. No dia de P\u00e1scoa, prev\u00ea-se que o Papa d\u00ea a b\u00ean\u00e7\u00e3o \u201cUrbi et Orbi\u201d, embora o texto seja lido por outra pessoa. <\/p>\n<p>Jo\u00e3o Paulo II abandonou a cl\u00ednica de Roma \u00e0s 18h20 locais (17h20 em Lisboa), a bordo de um autom\u00f3vel da Cidade do Vaticano. O Papa viajou no assento dianteiro, ao lado do condutor, acompanhado do seu secret\u00e1rio, o Arcebispo Stanislaw Dziwisz, e aben\u00e7oando v\u00e1rias vezes as centenas de pessoas concentradas ao longo do percurso para saud\u00e1-lo e aplaudi-lo.<\/p>\n<p>O regresso foi filmado atrav\u00e9s de uma c\u00e2mara televisiva montada dentro do carro e milhares de pessoas estavam reunidas na Pra\u00e7a de S\u00e3o Pedro, \u00e0 espera do Papa.<\/p>\n<p>H\u00e1 dias o porta-voz do Vaticano, Joaqu\u00edn Navarro-Valls, afirmara que o Papa se sentia bem ao ouvir, do d\u00e9cimo andar do hospital, os c\u00e2nticos e ru\u00eddos dos jovens.<\/p>\n<p>Entretanto, o Vaticano deixou de emitir os boletins sobre a sa\u00fade do Papa, o que indica que a recupera\u00e7\u00e3o est\u00e1 a decorrer conforme as melhores expectativas.<\/p>\n<p>Ainda antes de deixar a cl\u00ednica, Jo\u00e3o Paulo II seguiu o Angelus atrav\u00e9s da televis\u00e3o, numa sala da Cl\u00ednica, em liga\u00e7\u00e3o directa com a Pra\u00e7a de S\u00e3o Pedro. A sua mensagem foi lida pelo Arcebispo Leonardo Sandri e foi dedicada aos meios da comunica\u00e7\u00e3o social.\u201d\u00c9 muito importante o papel dos media na nossa \u00e9poca de comunica\u00e7\u00e3o global. \u00c9 tamb\u00e9m grande a responsabilidade dos que trabalham neste campo, chamados a fornecer sempre uma informa\u00e7\u00e3o pontual e respeitadora da dignidade da pessoa humana e atenta ao bem comum\u201d, alerta o texto.<\/p>\n<p>O Papa agradeceu aos profissionais da comunica\u00e7\u00e3o social a sua presen\u00e7a atenciosa e o servi\u00e7o que prestam ao mundo na divulga\u00e7\u00e3o das not\u00edcias sobre a sua sa\u00fade, recordando que, neste tempo da Quaresma, tamb\u00e9m a r\u00e1dio, a televis\u00e3o e a Internet podem servir para \u201calimentar o esp\u00edrito\u201d.<\/p>\n<p>J.P.F.\/Ecclesia<\/p>\n","protected":false},"excerpt":{"rendered":"<p>Jo\u00e3o Paulo II de regressso ao Vaticano<\/p>\n","protected":false},"author":1,"featured_media":0,"comment_status":"open","ping_status":"open","sticky":false,"template":"","format":"standard","meta":{"footnotes":""},"categories":[38],"tags":[],"class_list":["post-16777","post","type-post","status-publish","format-standard","hentry","category-destaque"],"_links":{"self":[{"href":"https:\/\/sites.ecclesia.pt\/cv\/wp-json\/wp\/v2\/posts\/16777","targetHints":{"allow":["GET"]}}],"collection":[{"href":"https:\/\/sites.ecclesia.pt\/cv\/wp-json\/wp\/v2\/posts"}],"about":[{"href":"https:\/\/sites.ecclesia.pt\/cv\/wp-json\/wp\/v2\/types\/post"}],"author":[{"embeddable":true,"href":"https:\/\/sites.ecclesia.pt\/cv\/wp-json\/wp\/v2\/users\/1"}],"replies":[{"embeddable":true,"href":"https:\/\/sites.ecclesia.pt\/cv\/wp-json\/wp\/v2\/comments?post=16777"}],"version-history":[{"count":0,"href":"https:\/\/sites.ecclesia.pt\/cv\/wp-json\/wp\/v2\/posts\/16777\/revisions"}],"wp:attachment":[{"href":"https:\/\/sites.ecclesia.pt\/cv\/wp-json\/wp\/v2\/media?parent=16777"}],"wp:term":[{"taxonomy":"category","embeddable":true,"href":"https:\/\/sites.ecclesia.pt\/cv\/wp-json\/wp\/v2\/categories?post=16777"},{"taxonomy":"post_tag","embeddable":true,"href":"https:\/\/sites.ecclesia.pt\/cv\/wp-json\/wp\/v2\/tags?post=16777"}],"curies":[{"name":"wp","href":"https:\/\/api.w.org\/{rel}","templated":true}]}}