{"id":16778,"date":"2006-04-03T14:44:00","date_gmt":"2006-04-03T14:44:00","guid":{"rendered":"http:\/\/localhost:81\/wp1\/?p=16778"},"modified":"2006-04-03T14:44:00","modified_gmt":"2006-04-03T14:44:00","slug":"esperancas-e-apreensoes","status":"publish","type":"post","link":"https:\/\/sites.ecclesia.pt\/cv\/esperancas-e-apreensoes\/","title":{"rendered":"Esperan\u00e7as e apreens\u00f5es"},"content":{"rendered":"<p>Opini\u00e3o <!--more--> 1 &#8211; Entr\u00e1mos em nova governa\u00e7\u00e3o. Parece incontest\u00e1vel. Do desencanto e pessimismo instalado, os portugueses passaram a uma confian\u00e7a duradoura na nova equipa governativa &#8211; o que leva a supor que o \u201cestado de gra\u00e7a\u201d do rec\u00e9m empossado governo ser\u00e1 para durar. Uma vantagem que j\u00e1 h\u00e1 muito n\u00e3o sustentava o poder.<\/p>\n<p>Todavia, se pensarmos que o resultado eleitoral ter\u00e1 sido mais de protesto do que de escolha, n\u00e3o ficaremos assim tranquilos, j\u00e1 que os ventos podem alterar de rumo com facilidade. Facto \u00e9 que o ambiente \u00e9, para come\u00e7ar, de algum optimismo.<\/p>\n<p>2 &#8211; O clima de serenidade n\u00e3o nos livrar\u00e1 de sobressaltos. A \u201cesquerda fan\u00e1tica\u201d alimenta a ilus\u00e3o da vit\u00f3ria e de impor agenda pol\u00edtica ao partido da maioria absoluta. E os problemas prementes do pa\u00eds n\u00e3o se compadecem com a prioridade \u00e0s ideologias. Al\u00e9m disso, no seio da maioria &#8211; e com assento no Parlamento &#8211; h\u00e1 uma esquerda radical, que pode vir a criar ilus\u00f5es de protagonismo, de consequ\u00eancias imprevis\u00edveis. N\u00e3o ser\u00e1, por isso, t\u00e3o est\u00e1vel a situa\u00e7\u00e3o.<\/p>\n<p>3 &#8211; Algumas semelhan\u00e7as com o passado s\u00e3o de sinal contr\u00e1rio. A grande reserva com que o eng.\u00ba S\u00f3crates conseguiu formar governo n\u00e3o \u00e9 original, mas \u00e9 apreci\u00e1vel. Por\u00e9m, as inconvenientes antecipa\u00e7\u00f5es de declara\u00e7\u00f5es, por parte de algum ministro, fazem lembrar tempos de dizer e desdizer.<\/p>\n<p>A abrang\u00eancia do elenco governativo faz-nos supor um vasto espectro de apoio da compet\u00eancia; todavia, \u201cGuterres voltou\u201d! E os tempos do outro engenheiro n\u00e3o foram de consolida\u00e7\u00e3o do futuro do Pa\u00eds. E os ministros que aparentam maior seguran\u00e7a nas suas convic\u00e7\u00f5es, t\u00eam telhados de vidro: \u201cO Diogo \u00e9 o tipo de intelectual que desejaria viver com os princ\u00edpios. Mas, como ignora tudo da realidade envolvente, quando olha para a vida \u00e9 capaz de sacrificar os princ\u00edpios pelas situa\u00e7\u00f5es.\u201d <\/p>\n<p>4 &#8211; No seu discurso de in\u00edcio, o Primeiro Ministro falou de igualdade de oportunidades e de liberdade. Mas n\u00e3o explicou a sua aplica\u00e7\u00e3o concreta. Vai ser um maior intervencionismo e providencialismo estatal ou maior responsabiliza\u00e7\u00e3o da iniciativa privada e da sociedade civil? Vamos esperar para ver!<\/p>\n<p>Querubim Silva<\/p>\n","protected":false},"excerpt":{"rendered":"<p>Opini\u00e3o<\/p>\n","protected":false},"author":1,"featured_media":0,"comment_status":"open","ping_status":"open","sticky":false,"template":"","format":"standard","meta":{"footnotes":""},"categories":[38],"tags":[],"class_list":["post-16778","post","type-post","status-publish","format-standard","hentry","category-destaque"],"_links":{"self":[{"href":"https:\/\/sites.ecclesia.pt\/cv\/wp-json\/wp\/v2\/posts\/16778","targetHints":{"allow":["GET"]}}],"collection":[{"href":"https:\/\/sites.ecclesia.pt\/cv\/wp-json\/wp\/v2\/posts"}],"about":[{"href":"https:\/\/sites.ecclesia.pt\/cv\/wp-json\/wp\/v2\/types\/post"}],"author":[{"embeddable":true,"href":"https:\/\/sites.ecclesia.pt\/cv\/wp-json\/wp\/v2\/users\/1"}],"replies":[{"embeddable":true,"href":"https:\/\/sites.ecclesia.pt\/cv\/wp-json\/wp\/v2\/comments?post=16778"}],"version-history":[{"count":0,"href":"https:\/\/sites.ecclesia.pt\/cv\/wp-json\/wp\/v2\/posts\/16778\/revisions"}],"wp:attachment":[{"href":"https:\/\/sites.ecclesia.pt\/cv\/wp-json\/wp\/v2\/media?parent=16778"}],"wp:term":[{"taxonomy":"category","embeddable":true,"href":"https:\/\/sites.ecclesia.pt\/cv\/wp-json\/wp\/v2\/categories?post=16778"},{"taxonomy":"post_tag","embeddable":true,"href":"https:\/\/sites.ecclesia.pt\/cv\/wp-json\/wp\/v2\/tags?post=16778"}],"curies":[{"name":"wp","href":"https:\/\/api.w.org\/{rel}","templated":true}]}}