{"id":16779,"date":"2006-04-03T14:44:00","date_gmt":"2006-04-03T14:44:00","guid":{"rendered":"http:\/\/localhost:81\/wp1\/?p=16779"},"modified":"2006-04-03T14:44:00","modified_gmt":"2006-04-03T14:44:00","slug":"os-filhos-precisam-de-um-pai-presente","status":"publish","type":"post","link":"https:\/\/sites.ecclesia.pt\/cv\/os-filhos-precisam-de-um-pai-presente\/","title":{"rendered":"Os filhos precisam de um pai presente"},"content":{"rendered":"<p>Mensagem da Associa\u00e7\u00e3o Fam\u00edlias para o Dia do Pai  <!--more--> Celebra-se a 19 de Mar\u00e7o o Dia do Pai. \u00c9 importante parar um pouco, num mundo cheio de bens excelentes, em que os filhos s\u00e3o os mais excelentes, mas nem sempre amados e acarinhados como esperam, desejam, carecem e merecem para poderem crescer de forma harmoniosa e equilibrada. E parar imp\u00f5e-se, para se avaliar, cada pai se avaliar, no seu exerc\u00edcio da paternidade, como algo responsabilizante e determinante em paridade com a m\u00e3e dos seus filhos. Cada filho tem direito a saber n\u00e3o s\u00f3 quem \u00e9 o seu pai mas a ser amado por ele. Antes de nascer, como crian\u00e7a, como jovem e como adulto.<\/p>\n<p>Os filhos dispensam o pai camarada<\/p>\n<p>Na realidade, ser pai deve ser um acto de amor, de d\u00e1vida, sem esperar tornas. Por isso, cada pai deve ter esp\u00edrito e comportamentos para a escuta activa, para a disponibilidade e para o exerc\u00edcio da autoridade amorosa. Os filhos precisam de um pai presente e dispensam o pai camarada. Pais que se interessem pelo que os filhos fazem, mesmo naquilo que lhes parece pouco importante. Pais que saibam contar hist\u00f3rias e ouvir as hist\u00f3rias que os filhos lhes querem contar. Pais que d\u00eaem a m\u00e3o aos filhos para um passeio. Pais que os abracem. Pais que se interessem, de facto, pelo quotidiano dos filhos e interessem os filhos pelo seu quotidiano. Pais que se preparam para o exerc\u00edcio da paternidade no que ele significa, como se disse, disponibilidade automatica-mente amorosa para educar os filhos, dando-lhes um sentido para a vida. Por isso, \u00e9 preciso parar. E reflectir cada dia e todos os dias sobre o modo como se exerce o \u201cminist\u00e9rio\u201d paternal, pois de servi\u00e7o se trata o que cada pai \u00e9 capaz de dar e tem de dar para que cada filho seja capaz de encontrar o seu caminho de forma livre e respons\u00e1vel.<\/p>\n<p>\u00c9 este o convite que queremos deixar a todos os pais neste dia que tradicionalmente se dedica ao Pai.<\/p>\n","protected":false},"excerpt":{"rendered":"<p>Mensagem da Associa\u00e7\u00e3o Fam\u00edlias para o Dia do Pai<\/p>\n","protected":false},"author":1,"featured_media":0,"comment_status":"open","ping_status":"open","sticky":false,"template":"","format":"standard","meta":{"footnotes":""},"categories":[38],"tags":[],"class_list":["post-16779","post","type-post","status-publish","format-standard","hentry","category-destaque"],"_links":{"self":[{"href":"https:\/\/sites.ecclesia.pt\/cv\/wp-json\/wp\/v2\/posts\/16779","targetHints":{"allow":["GET"]}}],"collection":[{"href":"https:\/\/sites.ecclesia.pt\/cv\/wp-json\/wp\/v2\/posts"}],"about":[{"href":"https:\/\/sites.ecclesia.pt\/cv\/wp-json\/wp\/v2\/types\/post"}],"author":[{"embeddable":true,"href":"https:\/\/sites.ecclesia.pt\/cv\/wp-json\/wp\/v2\/users\/1"}],"replies":[{"embeddable":true,"href":"https:\/\/sites.ecclesia.pt\/cv\/wp-json\/wp\/v2\/comments?post=16779"}],"version-history":[{"count":0,"href":"https:\/\/sites.ecclesia.pt\/cv\/wp-json\/wp\/v2\/posts\/16779\/revisions"}],"wp:attachment":[{"href":"https:\/\/sites.ecclesia.pt\/cv\/wp-json\/wp\/v2\/media?parent=16779"}],"wp:term":[{"taxonomy":"category","embeddable":true,"href":"https:\/\/sites.ecclesia.pt\/cv\/wp-json\/wp\/v2\/categories?post=16779"},{"taxonomy":"post_tag","embeddable":true,"href":"https:\/\/sites.ecclesia.pt\/cv\/wp-json\/wp\/v2\/tags?post=16779"}],"curies":[{"name":"wp","href":"https:\/\/api.w.org\/{rel}","templated":true}]}}