{"id":16780,"date":"2006-04-03T14:44:00","date_gmt":"2006-04-03T14:44:00","guid":{"rendered":"http:\/\/localhost:81\/wp1\/?p=16780"},"modified":"2006-04-03T14:44:00","modified_gmt":"2006-04-03T14:44:00","slug":"agradecemos-dons-abundantes","status":"publish","type":"post","link":"https:\/\/sites.ecclesia.pt\/cv\/agradecemos-dons-abundantes\/","title":{"rendered":"Agradecemos dons abundantes"},"content":{"rendered":"<p>Testemunho do encontro dos 50 anos das Equipas de Nossa Senhora em Portugal <!--more--> \u201cAleluia.<\/p>\n<p>Louva, \u00f3 minha alma, o Senhor!<\/p>\n<p>Hei-de louvar o Senhor enquanto   <\/p>\n<p>viver,<\/p>\n<p>hei-de cantar salmos ao meu Deus,<\/p>\n<p>enquanto existir\u201d. (Sl. 146 (145))<\/p>\n<p>Pareceu-nos serem vers\u00edculos do Salmo 146 os que melhor traduzem o nosso estado de esp\u00edrito, ap\u00f3s a viv\u00eancia da celebra\u00e7\u00e3o dos 50 anos do Movimento em Portugal.<\/p>\n<p>J\u00e1 est\u00e1vamos em celebra\u00e7\u00e3o, quando chEg\u00e1mos a F\u00e1tima e, por isso, de cora\u00e7\u00e3o aberto; mas tudo o que l\u00e1 vivemos abriu-o ainda mais.<\/p>\n<p>O Senhor \u00e9 grande e faz maravilhas por meio de quem se disp\u00f5e a servi-Lo, servindo os irm\u00e3os.<\/p>\n<p>Fomos a F\u00e1tima participar no grande \u201cbanquete\u201d da Fam\u00edlia, que o senhor quis proporcionar a cerca de 3500 pessoas.<\/p>\n<p>A abnegada Equipa da Supra Regi\u00e3o Portugal, coadjuvada por um inexced\u00edvel Secretariado e pelas Equipas das Regi\u00f5es que a integram, incans\u00e1veis e dispon\u00edveis, responsabilizou-se pela prepara\u00e7\u00e3o e apresenta\u00e7\u00e3o de deliciosas e suculentas \u201ciguarias\u201d.<\/p>\n<p>Reuniram-se os trabalhadores, preparou-se a terra e lan\u00e7ou-se a semente.<\/p>\n<p>Foram estas as fases da prepara\u00e7\u00e3o do \u201cbanquete\u201d, constitu\u00eddo por \u201cSementes para o Futuro\u201d, na sua generosa variedade:<\/p>\n<p>\u2022 Empenho, intelig\u00eancia, abertura ao esp\u00edrito e efic\u00e1cia na prepara\u00e7\u00e3o do Encontro, que foi mem\u00f3ria, reflex\u00e3o, festa, comunh\u00e3o e compromisso;<\/p>\n<p>\u2022 Alegria, boa disposi\u00e7\u00e3o e criatividade, no acolhimento aos participantes;<\/p>\n<p>\u2022 Cerim\u00f3nia de abertura excelente, com uma apresenta\u00e7\u00e3o original e expressiva do tema em quadros b\u00edblicos, a significar cinco desafios que se colocam aos casais crist\u00e3os;<\/p>\n<p>\u2022 Cuidado, dedica\u00e7\u00e3o, trabalho profundo e criteriosa selec\u00e7\u00e3o de elementos, para conseguir apresentar a tempo excelentes publica\u00e7\u00f5es sobre a hist\u00f3ria, organiza\u00e7\u00e3o e vida do Movimento, bem como a realiza\u00e7\u00e3o de uma interessante exposi\u00e7\u00e3o de selos e pain\u00e9is referentes \u00e0 vida de cada regi\u00e3o;<\/p>\n<p>\u2022 Disponibilidade, estudo, humildade e franca abertura, na apresenta\u00e7\u00e3o dos diferentes pain\u00e9is, que constitu\u00edram verdadeira comunica\u00e7\u00e3o e partilha de Vida e Esperan\u00e7a;<\/p>\n<p>\u2022 Excelente organiza\u00e7\u00e3o de um espect\u00e1culo, em que o humor, a alegria e a qualidade dos artistas foram notas dominantes:<\/p>\n<p>\u2022 Ora\u00e7\u00e3o da manh\u00e3 desenvolvida em quatro momentos com encena\u00e7\u00e3o expressiva, a proporcionar recolhimento e reflex\u00e3o, num ambiente de acentuada espiritualidade;<\/p>\n<p>\u2022 Seriedade, F\u00e9, Esperan\u00e7a, Comunh\u00e3o de Amor Fraterno e Compromisso na Celebra\u00e7\u00e3o da Eucaristia, rica e interpelativa em todos os seus momentos.<\/p>\n<p>Quem poderia sair deste \u201cbanquete\u201d sem ser simultaneamente saciado e inquieto pela responsabilidade de ser e lan\u00e7ar semente para o futuro?<\/p>\n<p>Fomos a F\u00e1tima, louv\u00e1mos a Virgem M\u00e3e de Deus, tamb\u00e9m nossa M\u00e3e e Padroeira e demos gra\u00e7as ao Senhor pelo dom da Vida e pelos diversos e abundantes dons que vimos e sentimos repartidos generosamente por todos quantos, naquela hora de passagem de testemunho, t\u00eam assumido e continuam a assumir responsabilidades neste t\u00e3o dif\u00edcil qu\u00e3o maravilhoso e aliciante campo de trabalho, cons-titu\u00eddo pelas Fam\u00edlias de Portugal e do Mundo.<\/p>\n<p>Deus seja louvado!<\/p>\n<p>Casal Sousa e Silva<\/p>\n<p>(Aveiro 19 &#8211; Sector \u201cA\u201d E.N.S. Aveiro)<\/p>\n","protected":false},"excerpt":{"rendered":"<p>Testemunho do encontro dos 50 anos das Equipas de Nossa Senhora em Portugal<\/p>\n","protected":false},"author":1,"featured_media":0,"comment_status":"open","ping_status":"open","sticky":false,"template":"","format":"standard","meta":{"footnotes":""},"categories":[70],"tags":[],"class_list":["post-16780","post","type-post","status-publish","format-standard","hentry","category-diocese"],"_links":{"self":[{"href":"https:\/\/sites.ecclesia.pt\/cv\/wp-json\/wp\/v2\/posts\/16780","targetHints":{"allow":["GET"]}}],"collection":[{"href":"https:\/\/sites.ecclesia.pt\/cv\/wp-json\/wp\/v2\/posts"}],"about":[{"href":"https:\/\/sites.ecclesia.pt\/cv\/wp-json\/wp\/v2\/types\/post"}],"author":[{"embeddable":true,"href":"https:\/\/sites.ecclesia.pt\/cv\/wp-json\/wp\/v2\/users\/1"}],"replies":[{"embeddable":true,"href":"https:\/\/sites.ecclesia.pt\/cv\/wp-json\/wp\/v2\/comments?post=16780"}],"version-history":[{"count":0,"href":"https:\/\/sites.ecclesia.pt\/cv\/wp-json\/wp\/v2\/posts\/16780\/revisions"}],"wp:attachment":[{"href":"https:\/\/sites.ecclesia.pt\/cv\/wp-json\/wp\/v2\/media?parent=16780"}],"wp:term":[{"taxonomy":"category","embeddable":true,"href":"https:\/\/sites.ecclesia.pt\/cv\/wp-json\/wp\/v2\/categories?post=16780"},{"taxonomy":"post_tag","embeddable":true,"href":"https:\/\/sites.ecclesia.pt\/cv\/wp-json\/wp\/v2\/tags?post=16780"}],"curies":[{"name":"wp","href":"https:\/\/api.w.org\/{rel}","templated":true}]}}