{"id":16781,"date":"2006-04-03T14:44:00","date_gmt":"2006-04-03T14:44:00","guid":{"rendered":"http:\/\/localhost:81\/wp1\/?p=16781"},"modified":"2006-04-03T14:44:00","modified_gmt":"2006-04-03T14:44:00","slug":"esmagado-por-nos","status":"publish","type":"post","link":"https:\/\/sites.ecclesia.pt\/cv\/esmagado-por-nos\/","title":{"rendered":"Esmagado por n\u00f3s"},"content":{"rendered":"<p>Catequeses Quaresmais <!--more--> Fazer mem\u00f3ria. \u201cA Igreja recebeu a miss\u00e3o de fazer mem\u00f3ria. Aquilo que foi realizado no passado \u00e9 tornado presente na Eucaristia\u201d, disse D. Ant\u00f3nio Marcelino na quarta catequese quaresmal. O tema geral foi \u201cEntregue por n\u00f3s e pela nossa salva\u00e7\u00e3o \u2013 assim o Pai \u00e9 glorificado\u201d e centrou-se na liturgia eucar\u00edstica, aquela parte da missa depois do Credo, que come\u00e7a com a apresenta\u00e7\u00e3o dos dons, prossegue com a ora\u00e7\u00e3o eucar\u00edstica, que tem o seu ponto alto na consagra\u00e7\u00e3o do Corpo e do Sangue de Cristo, e conclui-se com o rito da comunh\u00e3o.<\/p>\n<p>Levar ao altar. Dons recebidos, dons apresentados. Assim come\u00e7a a liturgia eucar\u00edstica. \u201cO p\u00e3o, express\u00e3o da nossa necessidade vital, e o vinho, express\u00e3o de alegria e festa, significam todos os dons sol\u00edcitos do pai de fam\u00edlia que cuida e alimenta os da sua casa, para que nela haja paz e sa\u00fade\u201d, escreveu D. Ant\u00f3nio, catequista, na folha que entrega aos catequizandos. S\u00e3o \u201cmat\u00e9ria necess\u00e1ria do sacrif\u00edcio, express\u00e3o da nossa humilde colabora\u00e7\u00e3o, consci\u00eancia de que o que Deus faz por n\u00f3s \u00e9 sempre para nosso bem\u201d. Realce para o processo que originou o p\u00e3o e o vinho: \u201cO p\u00e3o de muitos gr\u00e3os esmagados e o vinho de muitas uvas esmagadas prefiguram j\u00e1 o sacrif\u00edcio d\u2019Aquele que foi tamb\u00e9m esmagado para ser nosso alimento redentor\u201d.<\/p>\n<p>Porque o rito de \u201clevar ao altar\u201d o p\u00e3o, o vinho e os dons destinados ao culto e aos pobres j\u00e1 \u00e9 rico por si, o Bispo de Aveiro sugeriu que os ofert\u00f3rios com muitos s\u00edmbolos \u2013 normalmente t\u00e3o ao gosto dos jovens e das comunidade em geral \u2013 fossem deixados para outros tipos de celebra\u00e7\u00e3o que n\u00e3o a Eucaristia.<\/p>\n<p>Devolvidos \u00e0 proced\u00eancia. \u201cSanto Agostinho dizia que sacrificar \u00e9 tornar sagrado, \u00e9 devolver \u00e0 proced\u00eancia [Deus]\u201d, afirmou D. Ant\u00f3nio. A parte que inclui a consagra\u00e7\u00e3o come\u00e7a com um \u201cconvite aos novos sentimentos\u201d (\u201cCora\u00e7\u00f5es ao alto! D\u00ea-mos gra\u00e7as ao Senhor nosso Deus!\u201d) e ter-mina com \u201cum forte \u2018\u00c1men!\u2019 da assembleia \u00e0 gl\u00f3ria que s\u00f3 a Deus \u00e9 devida, por Jesus Cristo, no Esp\u00edrito Santo\u201d. Este Esp\u00edrito Santo \u00e9 invocado na epiclese, \u201cinvoca\u00e7\u00e3o (ou chamamento) pela qual se pede ao Pai que envie o seu Esp\u00edrito, ou ao Esp\u00edrito que venha realizar uma ac\u00e7\u00e3o que est\u00e1 para al\u00e9m da nossa capacidade e que compete ao pr\u00f3prio Deus\u201d. O Esp\u00edrito Santo \u00e9 o protagonista na consagra\u00e7\u00e3o. \u201cDeus vai agir atrav\u00e9s do minist\u00e9rio do padre, mas \u00e9 Ele que consagra\u201d. E nesta consagra\u00e7\u00e3o, somos todos sacrificados (no sentido de Santo Agostinho) a Deus: \u201cEm Jesus Cristo, que se oferece por n\u00f3s ao Pai, estamos todos n\u00f3s, com o nosso ser, liberdade, intelig\u00eancia, cora\u00e7\u00e3o\u201d. \u201cAssim, vamos vendo e vivendo todo o sentido pascal da Eucaristia: passagem da morte \u00e0 vida, do pecado \u00e0 santidade, do amor a n\u00f3s pr\u00f3prios ao amor de Deus, do isolamento \u00e0 comunh\u00e3o na comunidade, do eu ao n\u00f3s, do receber ao dar\u201d, afirma D. Ant\u00f3nio.<\/p>\n<p>Acto pessoal, acto comunit\u00e1rio. Na ora\u00e7\u00e3o do Pai-Nosso come\u00e7a o rito da comunh\u00e3o, a qual, conforme real\u00e7ou D. Ant\u00f3nio, \u00e9 um acto pessoal, mas tamb\u00e9m eclesial, pois \u201cpela comunh\u00e3o fazemos um com Cristo e com os irm\u00e3os, tornando-nos um s\u00f3 Corpo, o de Cristo, e uma \u00fanica fam\u00edlia dos filhos de Deus\u201d. Da\u00ed que o maior risco, nas palavras do Bispo de Aveiro, seja este: \u201cH\u00e1 gente que comunga, mas n\u00e3o fica em comunh\u00e3o\u201d com os outros, ou ent\u00e3o: \u201cTive um rito de comunh\u00e3o, mas n\u00e3o tive um rito para a vida\u201d.<\/p>\n<p>Feita a comunh\u00e3o, \u201ctem sentido o c\u00e2ntico de j\u00fabilo e o sil\u00eancio que leva a saborear como o Senhor \u00e9 Bom\u201d. E a seguir? O \u201ca seguir\u201d \u00e9 o tema da pr\u00f3xima e \u00faltima catequese deste ano: \u201cEm comunh\u00e3o com Jesus Cristo e com os irm\u00e3os, a vida tem outro sentido\u201d. Ser\u00e1 na sexta-feira, 18 de Mar\u00e7o, \u00e0s 21h15, no Sal\u00e3o de S. Domingos.                      <\/p>\n<p>J.P.F.<\/p>\n","protected":false},"excerpt":{"rendered":"<p>Catequeses Quaresmais<\/p>\n","protected":false},"author":1,"featured_media":0,"comment_status":"open","ping_status":"open","sticky":false,"template":"","format":"standard","meta":{"footnotes":""},"categories":[70],"tags":[],"class_list":["post-16781","post","type-post","status-publish","format-standard","hentry","category-diocese"],"_links":{"self":[{"href":"https:\/\/sites.ecclesia.pt\/cv\/wp-json\/wp\/v2\/posts\/16781","targetHints":{"allow":["GET"]}}],"collection":[{"href":"https:\/\/sites.ecclesia.pt\/cv\/wp-json\/wp\/v2\/posts"}],"about":[{"href":"https:\/\/sites.ecclesia.pt\/cv\/wp-json\/wp\/v2\/types\/post"}],"author":[{"embeddable":true,"href":"https:\/\/sites.ecclesia.pt\/cv\/wp-json\/wp\/v2\/users\/1"}],"replies":[{"embeddable":true,"href":"https:\/\/sites.ecclesia.pt\/cv\/wp-json\/wp\/v2\/comments?post=16781"}],"version-history":[{"count":0,"href":"https:\/\/sites.ecclesia.pt\/cv\/wp-json\/wp\/v2\/posts\/16781\/revisions"}],"wp:attachment":[{"href":"https:\/\/sites.ecclesia.pt\/cv\/wp-json\/wp\/v2\/media?parent=16781"}],"wp:term":[{"taxonomy":"category","embeddable":true,"href":"https:\/\/sites.ecclesia.pt\/cv\/wp-json\/wp\/v2\/categories?post=16781"},{"taxonomy":"post_tag","embeddable":true,"href":"https:\/\/sites.ecclesia.pt\/cv\/wp-json\/wp\/v2\/tags?post=16781"}],"curies":[{"name":"wp","href":"https:\/\/api.w.org\/{rel}","templated":true}]}}