{"id":16783,"date":"2006-04-03T14:44:00","date_gmt":"2006-04-03T14:44:00","guid":{"rendered":"http:\/\/localhost:81\/wp1\/?p=16783"},"modified":"2006-04-03T14:44:00","modified_gmt":"2006-04-03T14:44:00","slug":"actividades-pastorais-76","status":"publish","type":"post","link":"https:\/\/sites.ecclesia.pt\/cv\/actividades-pastorais-76\/","title":{"rendered":"Actividades Pastorais"},"content":{"rendered":"<p>Na quinta-feira, durante a manh\u00e3, o senhor Bispo recebeu cumprimentos do novo Comandante Militar da Base de S. Jacinto e reuniu de tarde com dois catec\u00famenos adultos que receber\u00e3o o Baptismo na Vig\u00edlia Pascal.<\/p>\n<p>Orientou, na sexta-feira, a quarta catequese quaresmal. No s\u00e1bado e no Domingo, acompanhou, na Casa Diocesana, um retiro de casais, da iniciativa dos sectores das Equipas de Nossa Senhora. No fim da tarde de Domingo, reuniu-se com as Auxiliares do Apostolado.<\/p>\n<p>Encontrou-se, na segunda-feira com os novi\u00e7os deonianos e, de tarde, trabalhou com o respons\u00e1vel diocesano da pastoral juvenil. Na ter\u00e7a-feira, na Casa Diocesana, participou na reuni\u00e3o da Comiss\u00e3o Episcopal da Fam\u00edlia. Na quarta-feira, no CUFC, ao fim da tarde, participou na Festa da P\u00e1scoa, com alunos da Universidade e Institutos Superiores.<\/p>\n","protected":false},"excerpt":{"rendered":"<p>Na quinta-feira, durante a manh\u00e3, o senhor Bispo recebeu cumprimentos do novo Comandante Militar da Base de S. Jacinto e reuniu de tarde com dois catec\u00famenos adultos que receber\u00e3o o Baptismo na Vig\u00edlia Pascal. Orientou, na sexta-feira, a quarta catequese quaresmal. No s\u00e1bado e no Domingo, acompanhou, na Casa Diocesana, um retiro de casais, da [&hellip;]<\/p>\n","protected":false},"author":1,"featured_media":0,"comment_status":"open","ping_status":"open","sticky":false,"template":"","format":"standard","meta":{"footnotes":""},"categories":[70],"tags":[],"class_list":["post-16783","post","type-post","status-publish","format-standard","hentry","category-diocese"],"_links":{"self":[{"href":"https:\/\/sites.ecclesia.pt\/cv\/wp-json\/wp\/v2\/posts\/16783","targetHints":{"allow":["GET"]}}],"collection":[{"href":"https:\/\/sites.ecclesia.pt\/cv\/wp-json\/wp\/v2\/posts"}],"about":[{"href":"https:\/\/sites.ecclesia.pt\/cv\/wp-json\/wp\/v2\/types\/post"}],"author":[{"embeddable":true,"href":"https:\/\/sites.ecclesia.pt\/cv\/wp-json\/wp\/v2\/users\/1"}],"replies":[{"embeddable":true,"href":"https:\/\/sites.ecclesia.pt\/cv\/wp-json\/wp\/v2\/comments?post=16783"}],"version-history":[{"count":0,"href":"https:\/\/sites.ecclesia.pt\/cv\/wp-json\/wp\/v2\/posts\/16783\/revisions"}],"wp:attachment":[{"href":"https:\/\/sites.ecclesia.pt\/cv\/wp-json\/wp\/v2\/media?parent=16783"}],"wp:term":[{"taxonomy":"category","embeddable":true,"href":"https:\/\/sites.ecclesia.pt\/cv\/wp-json\/wp\/v2\/categories?post=16783"},{"taxonomy":"post_tag","embeddable":true,"href":"https:\/\/sites.ecclesia.pt\/cv\/wp-json\/wp\/v2\/tags?post=16783"}],"curies":[{"name":"wp","href":"https:\/\/api.w.org\/{rel}","templated":true}]}}