{"id":16784,"date":"2006-04-03T14:44:00","date_gmt":"2006-04-03T14:44:00","guid":{"rendered":"http:\/\/localhost:81\/wp1\/?p=16784"},"modified":"2006-04-03T14:44:00","modified_gmt":"2006-04-03T14:44:00","slug":"semana-santa-4","status":"publish","type":"post","link":"https:\/\/sites.ecclesia.pt\/cv\/semana-santa-4\/","title":{"rendered":"Semana Santa"},"content":{"rendered":"<p>Catedral de Aveiro <!--more--> Domingo de Ramos<\/p>\n<p>\u2014 20 de Mar\u00e7o \u2014<\/p>\n<p>11.30h &#8211; B\u00ean\u00e7\u00e3o dos Ramos, no Jardim do Infante D. Pedro, junto \u00e0 igreja de Santo Ant\u00f3nio, e prociss\u00e3o para a Catedral.<\/p>\n<p>12h &#8211; Eucaristia na Catedral.<\/p>\n<p>Quinta-Feira Santa<\/p>\n<p>\u2014 24 de Mar\u00e7o \u2014<\/p>\n<p>10.00h &#8211; Missa Crismal concele-brada, com a renova\u00e7\u00e3o dos compromissos sacerdotais e a b\u00ean\u00e7\u00e3o dos \u00f3leos dos enfermos e dos catec\u00famenos, e a consagra\u00e7\u00e3o do \u00f3leo do Crisma.<\/p>\n<p>21.30h &#8211; Eucaristia vespertina da Ceia do Senhor, com lava-p\u00e9s, prociss\u00e3o da Sagrada Reserva, e adora\u00e7\u00e3o nocturna.<\/p>\n<p>Sexta-Feira Santa<\/p>\n<p>\u2014 25 de Mar\u00e7o \u2014<\/p>\n<p>9.30h &#8211; Celebra\u00e7\u00e3o de Laudes.<\/p>\n<p>17.30h &#8211; Celebra\u00e7\u00e3o da Paix\u00e3o e Morte do Senhor.<\/p>\n<p>NOTA: As ofertas dos fi\u00e9is, neste dia, s\u00e3o destinadas, \u00e0 conserva\u00e7\u00e3o dos Lugares Santos da Palestina(Terra Santa).<\/p>\n<p>A Igreja concede indulg\u00eancia plen\u00e1ria aos fi\u00e9is que participarem  na celebra\u00e7\u00e3o da Paix\u00e3o do Senhor (n\u00ba 17 do Enc. Ind.).<\/p>\n<p>21.30h &#8211; Prociss\u00e3o comemorativa do Enterro do Senhor, da igreja matriz da Vera-Cruz para a Catedral.<\/p>\n<p>S\u00e1bado Santo<\/p>\n<p>\u2014 26 de Mar\u00e7o \u2014<\/p>\n<p>9.30h &#8211; Celebra\u00e7\u00e3o de Laudes.<\/p>\n<p>21.30h &#8211; Celebra\u00e7\u00e3o da Vig\u00edlia Pascal da Ressurrei\u00e7\u00e3o do Senhor.<\/p>\n<p>NOTA: Cada um dos fi\u00e9is deve levar uma vela para acender durante a celebra\u00e7\u00e3o.<\/p>\n<p>A Igreja concede indulg\u00eancia plen\u00e1ria aos fi\u00e9is que, na Vig\u00edlia Pascal, renovarem as promessas do Baptismo (n\u00ba 70 do Enc. Ind.)<\/p>\n<p>Domingo de P\u00e1scoa<\/p>\n<p>\u2014 27 de Mar\u00e7o \u2014<\/p>\n<p>Na Catedral, o hor\u00e1rio das Missas \u00e9 o seguinte: 10.30h &#8211; 12h &#8211; 19h.<\/p>\n<p>NOTA: A Igreja concede indulg\u00eancia plen\u00e1ria a quem receber a b\u00ean\u00e7\u00e3o dada pelo Santo Padre &#8220;urbi et orbi&#8221;, mesmo pela r\u00e1dio ou pela televis\u00e3o (n\u00ba 12 do Enc. Ind.).<\/p>\n","protected":false},"excerpt":{"rendered":"<p>Catedral de Aveiro<\/p>\n","protected":false},"author":1,"featured_media":0,"comment_status":"open","ping_status":"open","sticky":false,"template":"","format":"standard","meta":{"footnotes":""},"categories":[70],"tags":[],"class_list":["post-16784","post","type-post","status-publish","format-standard","hentry","category-diocese"],"_links":{"self":[{"href":"https:\/\/sites.ecclesia.pt\/cv\/wp-json\/wp\/v2\/posts\/16784","targetHints":{"allow":["GET"]}}],"collection":[{"href":"https:\/\/sites.ecclesia.pt\/cv\/wp-json\/wp\/v2\/posts"}],"about":[{"href":"https:\/\/sites.ecclesia.pt\/cv\/wp-json\/wp\/v2\/types\/post"}],"author":[{"embeddable":true,"href":"https:\/\/sites.ecclesia.pt\/cv\/wp-json\/wp\/v2\/users\/1"}],"replies":[{"embeddable":true,"href":"https:\/\/sites.ecclesia.pt\/cv\/wp-json\/wp\/v2\/comments?post=16784"}],"version-history":[{"count":0,"href":"https:\/\/sites.ecclesia.pt\/cv\/wp-json\/wp\/v2\/posts\/16784\/revisions"}],"wp:attachment":[{"href":"https:\/\/sites.ecclesia.pt\/cv\/wp-json\/wp\/v2\/media?parent=16784"}],"wp:term":[{"taxonomy":"category","embeddable":true,"href":"https:\/\/sites.ecclesia.pt\/cv\/wp-json\/wp\/v2\/categories?post=16784"},{"taxonomy":"post_tag","embeddable":true,"href":"https:\/\/sites.ecclesia.pt\/cv\/wp-json\/wp\/v2\/tags?post=16784"}],"curies":[{"name":"wp","href":"https:\/\/api.w.org\/{rel}","templated":true}]}}