{"id":16785,"date":"2006-04-03T14:44:00","date_gmt":"2006-04-03T14:44:00","guid":{"rendered":"http:\/\/localhost:81\/wp1\/?p=16785"},"modified":"2006-04-03T14:44:00","modified_gmt":"2006-04-03T14:44:00","slug":"so-pais-felizes-fazem-os-filhos-felizes","status":"publish","type":"post","link":"https:\/\/sites.ecclesia.pt\/cv\/so-pais-felizes-fazem-os-filhos-felizes\/","title":{"rendered":"S\u00f3 pais felizes fazem os filhos felizes"},"content":{"rendered":"<p>Escola &#8220;De Pais Para Pais&#8221; do ISCRA <!--more--> O bem da sociedade est\u00e1 indiscutivelmente ligado ao bem da FAM\u00cdLIA, de tal modo que poder\u00edamos chamar a esta \u201co \u00fatero da sociedade\u201d. A fam\u00edlia, para al\u00e9m de assegurar a reprodu\u00e7\u00e3o dos seres humanos, assegura tamb\u00e9m a reprodu\u00e7\u00e3o dos saberes, dos comportamentos e dos valores indispens\u00e1veis ao desenvolvimento integral do ser humano e \u00e0 edifica\u00e7\u00e3o da sociedade.<\/p>\n<p>Educar \u00e9 uma das compet\u00eancias mais nobres da fam\u00edlia, mas tamb\u00e9m, provavelmente, a mais dif\u00edcil. Estamos a educar bem os nossos filhos? &#8211; perguntamos frequentemente.<\/p>\n<p>A miss\u00e3o de educar n\u00e3o pode mais ser conduzida de forma irreflectida, vagueando por caminhos de perigosa e devastadora permissividade ou simplesmente \u201cnivelando por baixo\u201d, como hoje se diz.<\/p>\n<p>Investimos muito tempo e talvez at\u00e9 muito dinheiro na nossa forma\u00e7\u00e3o profissional, mas quanto investimos na nossa forma\u00e7\u00e3o parental? Isto significa que os pais n\u00e3o sabem educar? Significa que os pais precisam de reflectir em conjunto sobre a educa\u00e7\u00e3o dos filhos para tra\u00e7arem caminhos rumo ao essencial. Se \u00e9 verdade que a ideia de que, hoje, os pais n\u00e3o sabem educar pode ser perigosa e at\u00e9 injusta, levando muitos pais a demitirem-se e a deixarem este papel para a escola (veja-se o caso da educa\u00e7\u00e3o sexual), tamb\u00e9m \u00e9 verdade que ningu\u00e9m nasce pai ou m\u00e3e. Esta \u00e9 uma tarefa que se aprende todos os dias, quer com os nossos pr\u00f3prios filhos, quer com a ajuda de outros pais ou ainda intensificando as parcerias com todos os agentes de educa\u00e7\u00e3o.<\/p>\n<p>Pombal re\u00fane centenas para reflex\u00e3o sobre a fam\u00edlia<\/p>\n<p>Reflectir em conjunto sobre: responsabilidade parental, os valores, a autoridade, a educa\u00e7\u00e3o sexual, a influ\u00eancia dos \u201cmedia\u201d, a comunica\u00e7\u00e3o, a adolesc\u00eancia, os tempos livres, a educa\u00e7\u00e3o espiritual, ser pai e m\u00e3e e continuar a ser casal, a afectividade&#8230; \u00e9 a proposta da Escola de Pais \u2013 De Pais Para Pais, do ISCRA (Instituto Superior de Ci\u00eancias Religiosas de Aveiro). Este projecto pode ser solicitado por escolas, associa\u00e7\u00f5es de pais, autarquias, par\u00f3quias&#8230; <\/p>\n<p>Foram realizadas j\u00e1 algumas dezenas de ac\u00e7\u00f5es e recentemente este projecto foi melhorado para podermos responder mais eficazmente aos apelos que nos t\u00eam chegado. Podemos destacar os encontros com pais que realiz\u00e1mos em Pombal, a convite do Padre Diamantino Cruz. Terminou na passada sexta-feira a \u00faltima de cinco confer\u00eancias quaresmais dedicadas \u00e0 fam\u00edlia, que esta comunidade vem promovendo. A extraordin\u00e1ria ades\u00e3o dos pais a estes encontros (sempre superior a duas centenas de pessoas) refor\u00e7a a convic\u00e7\u00e3o do ISCRA em dar continuidade a este projecto.<\/p>\n<p>\u201cNuma sociedade em que tudo parece amb\u00edguo e ningu\u00e9m fala claro, temos que reflectir em conjunto o futuro daqueles que amamos, para que este n\u00e3o se decida no supermercado. Na sociedade de consumo em que vivemos, \u00e9 preciso tomar consci\u00eancia que o essencial n\u00e3o est\u00e1 no ter mas no ser e o mais valioso que poderemos dar aos nossos filhos \u00e9 o nosso amor (amor entre pai e m\u00e3e e vice-versa e o amor pelos filhos)\u201d, disse o Doutor Meireles Coelho, em Pombal, num dos encontros.<\/p>\n<p>N\u00e3o s\u00e3o os pais que t\u00eam direito a ter filhos, mas os filhos que t\u00eam direito a ter pais, e estes pap\u00e9is n\u00e3o est\u00e3o sujeitos a permuta. Ajudarmo-nos mutuamente a tra\u00e7ar caminhos, a renov\u00e1-los todos os dias e a enfrentar a miss\u00e3o de educar com optimismo e alegria \u00e9 o nosso objectivo. Isto, porque acreditamos que s\u00f3 pais felizes fazem os filhos felizes.<\/p>\n<p>Cristina Ribau<\/p>\n","protected":false},"excerpt":{"rendered":"<p>Escola &#8220;De Pais Para Pais&#8221; do ISCRA<\/p>\n","protected":false},"author":1,"featured_media":0,"comment_status":"open","ping_status":"open","sticky":false,"template":"","format":"standard","meta":{"footnotes":""},"categories":[70],"tags":[],"class_list":["post-16785","post","type-post","status-publish","format-standard","hentry","category-diocese"],"_links":{"self":[{"href":"https:\/\/sites.ecclesia.pt\/cv\/wp-json\/wp\/v2\/posts\/16785","targetHints":{"allow":["GET"]}}],"collection":[{"href":"https:\/\/sites.ecclesia.pt\/cv\/wp-json\/wp\/v2\/posts"}],"about":[{"href":"https:\/\/sites.ecclesia.pt\/cv\/wp-json\/wp\/v2\/types\/post"}],"author":[{"embeddable":true,"href":"https:\/\/sites.ecclesia.pt\/cv\/wp-json\/wp\/v2\/users\/1"}],"replies":[{"embeddable":true,"href":"https:\/\/sites.ecclesia.pt\/cv\/wp-json\/wp\/v2\/comments?post=16785"}],"version-history":[{"count":0,"href":"https:\/\/sites.ecclesia.pt\/cv\/wp-json\/wp\/v2\/posts\/16785\/revisions"}],"wp:attachment":[{"href":"https:\/\/sites.ecclesia.pt\/cv\/wp-json\/wp\/v2\/media?parent=16785"}],"wp:term":[{"taxonomy":"category","embeddable":true,"href":"https:\/\/sites.ecclesia.pt\/cv\/wp-json\/wp\/v2\/categories?post=16785"},{"taxonomy":"post_tag","embeddable":true,"href":"https:\/\/sites.ecclesia.pt\/cv\/wp-json\/wp\/v2\/tags?post=16785"}],"curies":[{"name":"wp","href":"https:\/\/api.w.org\/{rel}","templated":true}]}}