{"id":16789,"date":"2006-04-03T14:44:00","date_gmt":"2006-04-03T14:44:00","guid":{"rendered":"http:\/\/localhost:81\/wp1\/?p=16789"},"modified":"2006-04-03T14:44:00","modified_gmt":"2006-04-03T14:44:00","slug":"santa-se-critica-falta-de-coragem-da-onu-na-declaracao-contra-a-clonagem","status":"publish","type":"post","link":"https:\/\/sites.ecclesia.pt\/cv\/santa-se-critica-falta-de-coragem-da-onu-na-declaracao-contra-a-clonagem\/","title":{"rendered":"Santa S\u00e9 critica falta de coragem da ONU na declara\u00e7\u00e3o contra a clonagem"},"content":{"rendered":"<p>A Santa S\u00e9 saudou a aprova\u00e7\u00e3o da declara\u00e7\u00e3o das Na\u00e7\u00f5es Unidas para proibir todo o tipo de clonagem humana, mas lamenta que n\u00e3o se tenha optado por um pronuncia-mento vinculante para todos os pa\u00edses. Esta \u00e9 a primeira vez que a ONU se pronuncia de forma precisa sobre o tema, mas o documento n\u00e3o tem car\u00e1cter vinculativo; e v\u00e1rios Estados j\u00e1 anunciaram que v\u00e3o ignorar algumas das suas recomenda\u00e7\u00f5es.<\/p>\n<p>O bispo Elio Sgreccia, presidente da Academia Pontif\u00edcia para a Vida, lamenta que esta declara\u00e7\u00e3o \u201cseja igual a um pronunciamento formal, que depois os pa\u00edses n\u00e3o respeitam\u201d.<\/p>\n<p>O prelado considera, em declara\u00e7\u00f5es \u00e0 R\u00e1dio Vaticano, que \u00e9 um \u201csintoma grave\u201d que a assembleia geral das Na\u00e7\u00f5es Unidas \u201cn\u00e3o tenha a for\u00e7a e o valor para fazer valer certos princ\u00edpios de humanidade que s\u00e3o essenciais\u201d. D. Elio Sgreccia cr\u00edtica, neste sentido, os interesses econ\u00f3micos, que se escondem detr\u00e1s de patentes que \u201cabusam do ser humano como se fosse um medicamento\u201d.<\/p>\n<p>A Assembleia Geral da ONU adoptou, na semana passada, uma resolu\u00e7\u00e3o (A\/59\/516), intitulada \u201cDeclara\u00e7\u00e3o Universal contra a clonagem de seres humanos\u201d, que pede aos Estados-membros a proibi\u00e7\u00e3o de \u201ctodas as formas de clonagem de seres humanos que sejam incompat\u00edveis com a dignidade humana e a protec\u00e7\u00e3o da vida humana\u201d. Ap\u00f3s um intenso debate, a declara\u00e7\u00e3o foi aprovada, com 84 votos a favor, 34 contra e 37 absten\u00e7\u00f5es. <\/p>\n<p>O presidente da Academia Pontif\u00edcia para a Vida considera, apesar das cr\u00edticas, que o car\u00e1cter \u00e9tico da declara\u00e7\u00e3o \u00e9 um \u201cfacto positivo\u201d, pois \u201csignifica que a maioria das Na\u00e7\u00f5es que est\u00e3o na ONU v\u00ea a clonagem como uma amea\u00e7a contra o ser humano, contra a sua dignidade e a sua vida\u201d. <\/p>\n<p>O prelado recorda que n\u00e3o \u00e9 necess\u00e1rio recorrer \u00e0 elimina\u00e7\u00e3o ou clonagem de vidas humanas: \u201ca pesquisa cient\u00edfica est\u00e1 a conseguir \u00eaxitos maravilhosos com as c\u00e9lulas-tronco som\u00e1ticas, ou seja, as que procedem do cord\u00e3o umbilical, ou de v\u00e1rias partes do corpo adulto\u201d.<\/p>\n<p>O texto da ONU pede que os pa\u00edses \u201cadoptem com urg\u00eancia todas as medidas legislativas necess\u00e1rias para proteger adequadamente a vida humana na aplica\u00e7\u00e3o da ci\u00eancia\u201d; e pro\u00edbe \u201co recurso de t\u00e9cnicas de engenharia gen\u00e9tica que possam ser contr\u00e1rias \u00e0 dignidade humana\u201d.<\/p>\n<p>Uma das al\u00edneas da declara\u00e7\u00e3o apela expressamente aos Estados-Membros para que tomem medidas no sentido de evitar que, atrav\u00e9s da aplica\u00e7\u00e3o das ci\u00eancias da vida, \u201cse verifique a explora\u00e7\u00e3o de mulheres\u201d.<\/p>\n<p>VATICANO<\/p>\n<p>F\u00e9 e ci\u00eancia podem caminhar juntas<\/p>\n<p>O respons\u00e1vel do Vaticano para a \u00e1rea da cultura, Cardeal Paul Poupard, reafirmou que f\u00e9 e ci\u00eancia podem caminhar juntas, lembrando que \u201ca Igreja apoia a ci\u00eancia na sua busca da verdade\u201d.<\/p>\n<p>Ao participar do congresso sobre o tema \u201c Ci\u00eancia, f\u00e9 e cultura\u201d, organizado pelo Conselho Pontif\u00edcio da Cultura (CPC) e o College Blackfriars da Universidade de Oxford, o Cardeal Franc\u00eas explicou que \u201craz\u00e3o e f\u00e9 n\u00e3o podem contradizer-se, j\u00e1 que as duas procuram compreender a verdade sobre a natureza, a natureza humana e Deus, art\u00edfice da cria\u00e7\u00e3o\u201d. Paul Poupard destacou que \u201co ensinamento da Igreja &#8211; segundo a qual a raz\u00e3o \u00e9 o centro de todo o acto humano &#8211; pressup\u00f5e um apoio \u00e0 ci\u00eancia, enquanto esta ajuda a entender mais a fundo a Reve-la\u00e7\u00e3o\u201d. \u201cParte da esperan\u00e7a da Igreja reside na ci\u00eancia e parte da actual ang\u00fastia da ci\u00eancia encontra a sua solu\u00e7\u00e3o nos ensinamentos human\u00edsticos da Igreja\u201d, afirmou.<\/p>\n","protected":false},"excerpt":{"rendered":"<p>A Santa S\u00e9 saudou a aprova\u00e7\u00e3o da declara\u00e7\u00e3o das Na\u00e7\u00f5es Unidas para proibir todo o tipo de clonagem humana, mas lamenta que n\u00e3o se tenha optado por um pronuncia-mento vinculante para todos os pa\u00edses. Esta \u00e9 a primeira vez que a ONU se pronuncia de forma precisa sobre o tema, mas o documento n\u00e3o tem [&hellip;]<\/p>\n","protected":false},"author":1,"featured_media":0,"comment_status":"open","ping_status":"open","sticky":false,"template":"","format":"standard","meta":{"footnotes":""},"categories":[44],"tags":[],"class_list":["post-16789","post","type-post","status-publish","format-standard","hentry","category-igreja"],"_links":{"self":[{"href":"https:\/\/sites.ecclesia.pt\/cv\/wp-json\/wp\/v2\/posts\/16789","targetHints":{"allow":["GET"]}}],"collection":[{"href":"https:\/\/sites.ecclesia.pt\/cv\/wp-json\/wp\/v2\/posts"}],"about":[{"href":"https:\/\/sites.ecclesia.pt\/cv\/wp-json\/wp\/v2\/types\/post"}],"author":[{"embeddable":true,"href":"https:\/\/sites.ecclesia.pt\/cv\/wp-json\/wp\/v2\/users\/1"}],"replies":[{"embeddable":true,"href":"https:\/\/sites.ecclesia.pt\/cv\/wp-json\/wp\/v2\/comments?post=16789"}],"version-history":[{"count":0,"href":"https:\/\/sites.ecclesia.pt\/cv\/wp-json\/wp\/v2\/posts\/16789\/revisions"}],"wp:attachment":[{"href":"https:\/\/sites.ecclesia.pt\/cv\/wp-json\/wp\/v2\/media?parent=16789"}],"wp:term":[{"taxonomy":"category","embeddable":true,"href":"https:\/\/sites.ecclesia.pt\/cv\/wp-json\/wp\/v2\/categories?post=16789"},{"taxonomy":"post_tag","embeddable":true,"href":"https:\/\/sites.ecclesia.pt\/cv\/wp-json\/wp\/v2\/tags?post=16789"}],"curies":[{"name":"wp","href":"https:\/\/api.w.org\/{rel}","templated":true}]}}