{"id":16791,"date":"2006-04-03T14:44:00","date_gmt":"2006-04-03T14:44:00","guid":{"rendered":"http:\/\/localhost:81\/wp1\/?p=16791"},"modified":"2006-04-03T14:44:00","modified_gmt":"2006-04-03T14:44:00","slug":"escolas-da-diocese-de-aveiro-encheram-se-de-cor","status":"publish","type":"post","link":"https:\/\/sites.ecclesia.pt\/cv\/escolas-da-diocese-de-aveiro-encheram-se-de-cor\/","title":{"rendered":"Escolas da diocese de Aveiro encheram-se de cor"},"content":{"rendered":"<p>11 de Mar\u00e7o &#8211; Dia da Disciplina de Educa\u00e7\u00e3o Moral e Religiosa Cat\u00f3lica <!--more--> Como ser Arco-\u00cdris para os outros? Como, perante as tempestades da vida, ser sinal de bonan\u00e7a, anunciando a presen\u00e7a de Deus em tudo e em todos?, foram algumas das quest\u00f5es, no dia disciplina de Educa\u00e7\u00e3o Moral e Religiosa Cat\u00f3lica (EMRC)<\/p>\n<p>As escolas de todo o pa\u00eds aderiram \u00e0 proposta do Secretariado Nacional da Educa\u00e7\u00e3o Crist\u00e3 e celebraram, no dia 11 de Mar\u00e7o, o Dia da Disciplina de Educa\u00e7\u00e3o Moral e Religiosa Cat\u00f3lica.<\/p>\n<p>Este ano, o tema escolhido foi o Arco-\u00cdris. O Arco-\u00cdris que surge depois da tempestade, da tristeza, da desola\u00e7\u00e3o e que \u00e9 sinal de paz e tranquilidade, de cor e alegria, de esperan\u00e7a. O Arco-\u00cdris, sinal da Alian\u00e7a de Deus com o seu povo.<\/p>\n<p>\u201cComo ser Arco-\u00cdris para os outros? Como, perante as tempestades da vida, ser sinal de bonan\u00e7a, anunciando a presen\u00e7a de Deus em tudo e em todos? Quais as cores da esperan\u00e7a? E com que atitudes se pintam? Sou Arco-\u00cdris quando dou cor \u00e0 vida dos outros! \u00c9 preciso encontrar as cores da nossa vida na partilha generosa do que somos e temos, construindo assim o nosso pr\u00f3prio Arco-\u00cdris!\u201d O desafio estava feito. As escolas da Diocese de Aveiro encheram-se de cor! Alunos e professores de EMRC sa\u00edram das salas de aula e envolveram toda a comunidade escolar com a sua alegria e entusiasmo. Constru\u00edram-se pain\u00e9is, cartazes. Fizeram-se jogos, concursos de poemas. Vestidos com todas as cores do Arco-\u00cdris foram ao encontro dos outros. Mais uma vez movimentaram as escolas, fizeram sentir a sua presen\u00e7a e foram reconhecidos. <\/p>\n<p>Para se ser feliz, \u00e9 preciso saber viver as dificuldades da vida, n\u00e3o se deixar derrubar, mas sentir a presen\u00e7a de Deus no Sol que se anuncia no Arco-\u00cdris, transformando-nos em ponte para toda a humanidade. A disciplina de Educa\u00e7\u00e3o Moral e Religiosa Cat\u00f3lica d\u00e1 cor \u00e0 Escola. \u00c9 essencial na forma\u00e7\u00e3o dos alunos, ajudando-os a integrar todos os conhecimentos na constru\u00e7\u00e3o de um projecto de vida, que s\u00f3 realiza quando vocacionado para servir os outros.<\/p>\n<p>Elisa Urbano<\/p>\n","protected":false},"excerpt":{"rendered":"<p>11 de Mar\u00e7o &#8211; Dia da Disciplina de Educa\u00e7\u00e3o Moral e Religiosa Cat\u00f3lica<\/p>\n","protected":false},"author":1,"featured_media":0,"comment_status":"open","ping_status":"open","sticky":false,"template":"","format":"standard","meta":{"footnotes":""},"categories":[38],"tags":[],"class_list":["post-16791","post","type-post","status-publish","format-standard","hentry","category-destaque"],"_links":{"self":[{"href":"https:\/\/sites.ecclesia.pt\/cv\/wp-json\/wp\/v2\/posts\/16791","targetHints":{"allow":["GET"]}}],"collection":[{"href":"https:\/\/sites.ecclesia.pt\/cv\/wp-json\/wp\/v2\/posts"}],"about":[{"href":"https:\/\/sites.ecclesia.pt\/cv\/wp-json\/wp\/v2\/types\/post"}],"author":[{"embeddable":true,"href":"https:\/\/sites.ecclesia.pt\/cv\/wp-json\/wp\/v2\/users\/1"}],"replies":[{"embeddable":true,"href":"https:\/\/sites.ecclesia.pt\/cv\/wp-json\/wp\/v2\/comments?post=16791"}],"version-history":[{"count":0,"href":"https:\/\/sites.ecclesia.pt\/cv\/wp-json\/wp\/v2\/posts\/16791\/revisions"}],"wp:attachment":[{"href":"https:\/\/sites.ecclesia.pt\/cv\/wp-json\/wp\/v2\/media?parent=16791"}],"wp:term":[{"taxonomy":"category","embeddable":true,"href":"https:\/\/sites.ecclesia.pt\/cv\/wp-json\/wp\/v2\/categories?post=16791"},{"taxonomy":"post_tag","embeddable":true,"href":"https:\/\/sites.ecclesia.pt\/cv\/wp-json\/wp\/v2\/tags?post=16791"}],"curies":[{"name":"wp","href":"https:\/\/api.w.org\/{rel}","templated":true}]}}