{"id":16793,"date":"2006-04-03T14:44:00","date_gmt":"2006-04-03T14:44:00","guid":{"rendered":"http:\/\/localhost:81\/wp1\/?p=16793"},"modified":"2006-04-03T14:44:00","modified_gmt":"2006-04-03T14:44:00","slug":"lancado-concurso-de-reabilitacao-da-casa-major-pessoa","status":"publish","type":"post","link":"https:\/\/sites.ecclesia.pt\/cv\/lancado-concurso-de-reabilitacao-da-casa-major-pessoa\/","title":{"rendered":"Lan\u00e7ado concurso de reabilita\u00e7\u00e3o da Casa Major Pessoa"},"content":{"rendered":"<p>A C\u00e2mara Municipal de Aveiro aprovou a abertura do concurso p\u00fablico para a reabilita\u00e7\u00e3o da Casa Major Pessoa, im\u00f3vel considerado como o mais emblem\u00e1tica do estilo arte nova existente na cidade, e que se encontra j\u00e1 classificado pelo IPPAR \u2013 Instituto Portugu\u00eas do Patrim\u00f3nio Arquitect\u00f3nico.<\/p>\n<p>O or\u00e7amento previsto para a reabilita\u00e7\u00e3o do im\u00f3vel ronda os novecentos mil euros, acrescidos de IVA, dos quais 70% s\u00e3o financiados pelo Programa de Recupera\u00e7\u00e3o de Edif\u00edcios Arte Nova, no \u00e2mbito do terceiro Quadro Comunit\u00e1rio de Apoio. A obra dever\u00e1 prolongar-se por um ano, pelo que no in\u00edcio do ver\u00e3o de 2006 a casa dever\u00e1 abrir ao p\u00fablico.<\/p>\n<p>A autarquia adquiriu a casa, j\u00e1 no anterior mandato aut\u00e1rquico, por mais de meio milh\u00e3o de euros, tendo o respectivo projecto de reabilita\u00e7\u00e3o, elaborado pelo arquitecto M\u00e1rio Sarabando, sido aprovado pelo IPPAR. A par disso, a autarquia celebrou um protocolo com a Universidade de Aveiro para a realiza\u00e7\u00e3o de um estudo sobre o estado de conserva\u00e7\u00e3o do edif\u00edcio, incluindo os pain\u00e9is decorativos e os frisos de azulejos que revestem algumas das paredes. O edif\u00edcio apresenta muitos sinais de profunda degrada\u00e7\u00e3o, nomeadamente no tecto e nas paredes do alpendre \/ hall de entrada, na fachada virada para o Rossio.<\/p>\n","protected":false},"excerpt":{"rendered":"<p>A C\u00e2mara Municipal de Aveiro aprovou a abertura do concurso p\u00fablico para a reabilita\u00e7\u00e3o da Casa Major Pessoa, im\u00f3vel considerado como o mais emblem\u00e1tica do estilo arte nova existente na cidade, e que se encontra j\u00e1 classificado pelo IPPAR \u2013 Instituto Portugu\u00eas do Patrim\u00f3nio Arquitect\u00f3nico. O or\u00e7amento previsto para a reabilita\u00e7\u00e3o do im\u00f3vel ronda os [&hellip;]<\/p>\n","protected":false},"author":1,"featured_media":0,"comment_status":"open","ping_status":"open","sticky":false,"template":"","format":"standard","meta":{"footnotes":""},"categories":[63],"tags":[],"class_list":["post-16793","post","type-post","status-publish","format-standard","hentry","category-aveiro"],"_links":{"self":[{"href":"https:\/\/sites.ecclesia.pt\/cv\/wp-json\/wp\/v2\/posts\/16793","targetHints":{"allow":["GET"]}}],"collection":[{"href":"https:\/\/sites.ecclesia.pt\/cv\/wp-json\/wp\/v2\/posts"}],"about":[{"href":"https:\/\/sites.ecclesia.pt\/cv\/wp-json\/wp\/v2\/types\/post"}],"author":[{"embeddable":true,"href":"https:\/\/sites.ecclesia.pt\/cv\/wp-json\/wp\/v2\/users\/1"}],"replies":[{"embeddable":true,"href":"https:\/\/sites.ecclesia.pt\/cv\/wp-json\/wp\/v2\/comments?post=16793"}],"version-history":[{"count":0,"href":"https:\/\/sites.ecclesia.pt\/cv\/wp-json\/wp\/v2\/posts\/16793\/revisions"}],"wp:attachment":[{"href":"https:\/\/sites.ecclesia.pt\/cv\/wp-json\/wp\/v2\/media?parent=16793"}],"wp:term":[{"taxonomy":"category","embeddable":true,"href":"https:\/\/sites.ecclesia.pt\/cv\/wp-json\/wp\/v2\/categories?post=16793"},{"taxonomy":"post_tag","embeddable":true,"href":"https:\/\/sites.ecclesia.pt\/cv\/wp-json\/wp\/v2\/tags?post=16793"}],"curies":[{"name":"wp","href":"https:\/\/api.w.org\/{rel}","templated":true}]}}