{"id":16794,"date":"2006-04-03T14:44:00","date_gmt":"2006-04-03T14:44:00","guid":{"rendered":"http:\/\/localhost:81\/wp1\/?p=16794"},"modified":"2006-04-03T14:44:00","modified_gmt":"2006-04-03T14:44:00","slug":"ramagem-seca-e-um-risco-de-incendio","status":"publish","type":"post","link":"https:\/\/sites.ecclesia.pt\/cv\/ramagem-seca-e-um-risco-de-incendio\/","title":{"rendered":"Ramagem seca \u00e9 um risco de inc\u00eandio"},"content":{"rendered":"<p>\u00cdLHAVO &#8211; Mata Nacional da Gafanha <!--more--> Na mata nacional da Gafanha, que se estende para sul da estrada que liga \u00cdlhavo \u00e0 Gafanha da Encarna\u00e7\u00e3o, principalmente ao longo do tro\u00e7o entre a rotunda da Senhora dos Campos e a Zona Industrial da Mota, encontra-se amontoada enorme quantidade de ramagem seca, espalhada tanto junto \u00e0 estrada como no interior da floresta, facto que representa um potencial perigo de inc\u00eandio, o qual pode ser ateado a partir dessa estrada, mesmo de forma involunt\u00e1ria.<\/p>\n<p>Um inc\u00eandio florestal nesta zona pode ter consequ\u00eancias graves, j\u00e1 que os ventos, que aqui sopram predominantes de norte ou de noroeste, podem propagar o fogo para o interior da mata, onde a grande quantidade de ramagens secas espalhada pela mata, a escassez de \u00e1gua e os maus acessos (caminhos de areia) dentro da floresta s\u00e3o factores que podem dificultar ainda mais o trabalho dos bombeiros.<\/p>\n<p>Mais grave ainda \u00e9 o facto de muita dessa ramagem seca estar acumulada junto \u00e0 zona industrial, a qual poder\u00e1 ser atingida pelo fogo, caso os ventos soprem  fortes de nordeste, como tem acontecido nos \u00faltimos dias. <\/p>\n<p>Este caso ocorre numa mata nacional, em que o respectivo propriet\u00e1rio \u00e9 o pr\u00f3prio Estado portugu\u00eas, que assim d\u00e1 um mau exemplo no que se refere \u00e0 limpeza da floresta como preven\u00e7\u00e3o de fogos florestais.<\/p>\n","protected":false},"excerpt":{"rendered":"<p>\u00cdLHAVO &#8211; Mata Nacional da Gafanha<\/p>\n","protected":false},"author":1,"featured_media":0,"comment_status":"open","ping_status":"open","sticky":false,"template":"","format":"standard","meta":{"footnotes":""},"categories":[45],"tags":[],"class_list":["post-16794","post","type-post","status-publish","format-standard","hentry","category-regioes"],"_links":{"self":[{"href":"https:\/\/sites.ecclesia.pt\/cv\/wp-json\/wp\/v2\/posts\/16794","targetHints":{"allow":["GET"]}}],"collection":[{"href":"https:\/\/sites.ecclesia.pt\/cv\/wp-json\/wp\/v2\/posts"}],"about":[{"href":"https:\/\/sites.ecclesia.pt\/cv\/wp-json\/wp\/v2\/types\/post"}],"author":[{"embeddable":true,"href":"https:\/\/sites.ecclesia.pt\/cv\/wp-json\/wp\/v2\/users\/1"}],"replies":[{"embeddable":true,"href":"https:\/\/sites.ecclesia.pt\/cv\/wp-json\/wp\/v2\/comments?post=16794"}],"version-history":[{"count":0,"href":"https:\/\/sites.ecclesia.pt\/cv\/wp-json\/wp\/v2\/posts\/16794\/revisions"}],"wp:attachment":[{"href":"https:\/\/sites.ecclesia.pt\/cv\/wp-json\/wp\/v2\/media?parent=16794"}],"wp:term":[{"taxonomy":"category","embeddable":true,"href":"https:\/\/sites.ecclesia.pt\/cv\/wp-json\/wp\/v2\/categories?post=16794"},{"taxonomy":"post_tag","embeddable":true,"href":"https:\/\/sites.ecclesia.pt\/cv\/wp-json\/wp\/v2\/tags?post=16794"}],"curies":[{"name":"wp","href":"https:\/\/api.w.org\/{rel}","templated":true}]}}