{"id":16795,"date":"2006-04-03T14:44:00","date_gmt":"2006-04-03T14:44:00","guid":{"rendered":"http:\/\/localhost:81\/wp1\/?p=16795"},"modified":"2006-04-03T14:44:00","modified_gmt":"2006-04-03T14:44:00","slug":"hotel-eurosol-abre-a-21-de-marco","status":"publish","type":"post","link":"https:\/\/sites.ecclesia.pt\/cv\/hotel-eurosol-abre-a-21-de-marco\/","title":{"rendered":"Hotel Eurosol abre a 21 de Mar\u00e7o"},"content":{"rendered":"<p>Estarreja <!--more--> O \u201cEurosol Estarreja\u201d, o primeiro hotel do concelho de Estarreja, vai abrir as suas portas no pr\u00f3ximo dia 21 de Mar\u00e7o.<\/p>\n<p>Classificado com quatro estrelas e situado pr\u00f3ximo do futuro parque do Antu\u00e3, na entrada da cidade de Estarreja, o hotel disp\u00f5e de 56 quartos, oito suites e quatro vivendas, num total de 135 camas.<\/p>\n<p>Para al\u00e9m do restaurante, \u201cReal Cozinha Velha\u201d, com capacidade para cerca de trezentas pessoas, o hotel integra o bar \u201cPa\u00e7o Real\u201d, salas para reuni\u00f5es e banquetes e parque de estacionamento autom\u00f3vel.<\/p>\n<p>O complexo hoteleiro possui uma zona de lazer, constitu\u00edda por clube de sa\u00fade, com fisioterapia e talassoterapia, court de t\u00e9nis, piscina interior aquecida, piscina exterior com bar de apoio, mini golfe, jardim arborizado e \u00e1rea de lazer.<\/p>\n","protected":false},"excerpt":{"rendered":"<p>Estarreja<\/p>\n","protected":false},"author":1,"featured_media":0,"comment_status":"open","ping_status":"open","sticky":false,"template":"","format":"standard","meta":{"footnotes":""},"categories":[45],"tags":[],"class_list":["post-16795","post","type-post","status-publish","format-standard","hentry","category-regioes"],"_links":{"self":[{"href":"https:\/\/sites.ecclesia.pt\/cv\/wp-json\/wp\/v2\/posts\/16795","targetHints":{"allow":["GET"]}}],"collection":[{"href":"https:\/\/sites.ecclesia.pt\/cv\/wp-json\/wp\/v2\/posts"}],"about":[{"href":"https:\/\/sites.ecclesia.pt\/cv\/wp-json\/wp\/v2\/types\/post"}],"author":[{"embeddable":true,"href":"https:\/\/sites.ecclesia.pt\/cv\/wp-json\/wp\/v2\/users\/1"}],"replies":[{"embeddable":true,"href":"https:\/\/sites.ecclesia.pt\/cv\/wp-json\/wp\/v2\/comments?post=16795"}],"version-history":[{"count":0,"href":"https:\/\/sites.ecclesia.pt\/cv\/wp-json\/wp\/v2\/posts\/16795\/revisions"}],"wp:attachment":[{"href":"https:\/\/sites.ecclesia.pt\/cv\/wp-json\/wp\/v2\/media?parent=16795"}],"wp:term":[{"taxonomy":"category","embeddable":true,"href":"https:\/\/sites.ecclesia.pt\/cv\/wp-json\/wp\/v2\/categories?post=16795"},{"taxonomy":"post_tag","embeddable":true,"href":"https:\/\/sites.ecclesia.pt\/cv\/wp-json\/wp\/v2\/tags?post=16795"}],"curies":[{"name":"wp","href":"https:\/\/api.w.org\/{rel}","templated":true}]}}