{"id":16796,"date":"2006-04-03T14:44:00","date_gmt":"2006-04-03T14:44:00","guid":{"rendered":"http:\/\/localhost:81\/wp1\/?p=16796"},"modified":"2006-04-03T14:44:00","modified_gmt":"2006-04-03T14:44:00","slug":"avanca-o-projecto-de-apoio-pedagogico","status":"publish","type":"post","link":"https:\/\/sites.ecclesia.pt\/cv\/avanca-o-projecto-de-apoio-pedagogico\/","title":{"rendered":"Avan\u00e7a o &#8220;Projecto de Apoio Pedag\u00f3gico&#8221;"},"content":{"rendered":"<p>III Conselho Diocesano de Pastoral Juvenil <!--more--> O Secretariado da Pastoral Juvenil de Aveiro reuniu, em mais um conselho diocesano, no passado s\u00e1bado. Foi o terceiro, desde que esta nova equipa se encontra \u00e0 frente do SDPJ Aveiro. Apesar de ter aparecido menos gente do que no \u00faltimo, o trabalho a que se prop\u00f4s desde o primeiro encontro ganhou \u201cesqueleto\u201d nesta reuni\u00e3o. Trata-se do \u201cProjecto de Apoio Pedag\u00f3gico\u201d, um documento de trabalho a ser colocado \u00e0 disposi\u00e7\u00e3o dos animadores de grupos de jovens, j\u00e1 no pr\u00f3ximo ano, e que come\u00e7ou a tomar alguma forma e conte\u00fado este s\u00e1bado.<\/p>\n<p>Na ordem de trabalhos estavam tamb\u00e9m, como n\u00e3o podia deixar de ser, as \u00faltimas informa\u00e7\u00f5es acerca do Dia Mundial da Juventude, sobretudo indica\u00e7\u00f5es para quem vai ter um stand na feira das iniciativas e movimentos. Houve ainda tempo para, em jeito de passagem por todos os presentes, se fazer uma avalia\u00e7\u00e3o da recep\u00e7\u00e3o e encaminhamento da Campanha de Quaresma. A campanha foi muito bem recebida pela maioria dos grupos e onde est\u00e1 a ser posta em pr\u00e1tica. Real\u00e7ou-se o empenho pedag\u00f3gico e formativo que nela se inscreveu. Houve tamb\u00e9m quem louvasse o facto desta campanha de Quaresma ser pensada para n\u00e3o terminar na P\u00e1scoa, mas no Pentecostes.<\/p>\n<p>A encerrar este III Conselho Diocesano, e j\u00e1 em cima da hora de almo\u00e7o como sempre acontece, ainda deu tempo para motivar os presentes para a participa\u00e7\u00e3o activa no Congresso Eucar\u00edstico Diocesano, que vai acontecer em Junho pr\u00f3ximo e que se quer transversal e motivador a todos os movimentos da diocese.<\/p>\n<p>Catarina Pereira <\/p>\n","protected":false},"excerpt":{"rendered":"<p>III Conselho Diocesano de Pastoral Juvenil<\/p>\n","protected":false},"author":1,"featured_media":0,"comment_status":"open","ping_status":"open","sticky":false,"template":"","format":"standard","meta":{"footnotes":""},"categories":[51],"tags":[],"class_list":["post-16796","post","type-post","status-publish","format-standard","hentry","category-jovens"],"_links":{"self":[{"href":"https:\/\/sites.ecclesia.pt\/cv\/wp-json\/wp\/v2\/posts\/16796","targetHints":{"allow":["GET"]}}],"collection":[{"href":"https:\/\/sites.ecclesia.pt\/cv\/wp-json\/wp\/v2\/posts"}],"about":[{"href":"https:\/\/sites.ecclesia.pt\/cv\/wp-json\/wp\/v2\/types\/post"}],"author":[{"embeddable":true,"href":"https:\/\/sites.ecclesia.pt\/cv\/wp-json\/wp\/v2\/users\/1"}],"replies":[{"embeddable":true,"href":"https:\/\/sites.ecclesia.pt\/cv\/wp-json\/wp\/v2\/comments?post=16796"}],"version-history":[{"count":0,"href":"https:\/\/sites.ecclesia.pt\/cv\/wp-json\/wp\/v2\/posts\/16796\/revisions"}],"wp:attachment":[{"href":"https:\/\/sites.ecclesia.pt\/cv\/wp-json\/wp\/v2\/media?parent=16796"}],"wp:term":[{"taxonomy":"category","embeddable":true,"href":"https:\/\/sites.ecclesia.pt\/cv\/wp-json\/wp\/v2\/categories?post=16796"},{"taxonomy":"post_tag","embeddable":true,"href":"https:\/\/sites.ecclesia.pt\/cv\/wp-json\/wp\/v2\/tags?post=16796"}],"curies":[{"name":"wp","href":"https:\/\/api.w.org\/{rel}","templated":true}]}}