{"id":16798,"date":"2006-04-03T14:44:00","date_gmt":"2006-04-03T14:44:00","guid":{"rendered":"http:\/\/localhost:81\/wp1\/?p=16798"},"modified":"2006-04-03T14:44:00","modified_gmt":"2006-04-03T14:44:00","slug":"servico-de-caminheiros-da-universidade-de-aveiro-chega-ao-fim","status":"publish","type":"post","link":"https:\/\/sites.ecclesia.pt\/cv\/servico-de-caminheiros-da-universidade-de-aveiro-chega-ao-fim\/","title":{"rendered":"Servi\u00e7o de Caminheiros da Universidade de Aveiro chega ao fim"},"content":{"rendered":"<p>Durante quase dez anos, o SCUA foi a forma que um grupo de caminheiros \u201cinventou\u201d para ser escuteiro em ambiente universit\u00e1rio. SCUA?! Sim, Servi\u00e7o de Caminheiros da Universidade de Aveiro (scua \u00e9 tamb\u00e9m o nome de uma ave sul-americana).<\/p>\n<p>Porque era dif\u00edcil ser caminheiro no agrupamento de origem sendo universit\u00e1rio em Aveiro, depois de alguns jantares de escuteiros, um grupo decidiu formalizar-se e escreveu mesmo uma carta de princ\u00edpios. Juntava caminheiros dos A\u00e7ores, do Algarve, de Santar\u00e9m, Leiria, Porto, Aveiro\u2026, do Corpo Nacional de Escutas, mas tamb\u00e9m da AEP e das Guias\u2026  Nunca chegou a ser um cl\u00e3 universit\u00e1rio, mas foi, com o apoio do Centro Universit\u00e1rio F\u00e9 e Cultura (onde se reunia) e da Junta Regional do CNE (principalmente com o chefe Duarte), um espa\u00e7o saud\u00e1vel e marcante de escutismo, de participa\u00e7\u00e3o em actividades escutistas e universit\u00e1rios, de rela\u00e7\u00e3o e crescimento. Agora chega ao fim. Boa parte dos que estiveram na origem, j\u00e1 doutores e engenheiros, decidiram fazer uma esp\u00e9cie de \u201cpartida\u201d (rito em que os caminheiros deixam o agrupamento) e extinguir o SCUA (na foto, os presentes no jantar de dissolu\u00e7\u00e3o). Talvez a gera\u00e7\u00e3o mais nova reinvente outro grupo de viv\u00eancia escutista em meio universit\u00e1rio.<\/p>\n","protected":false},"excerpt":{"rendered":"<p>Durante quase dez anos, o SCUA foi a forma que um grupo de caminheiros \u201cinventou\u201d para ser escuteiro em ambiente universit\u00e1rio. SCUA?! Sim, Servi\u00e7o de Caminheiros da Universidade de Aveiro (scua \u00e9 tamb\u00e9m o nome de uma ave sul-americana). Porque era dif\u00edcil ser caminheiro no agrupamento de origem sendo universit\u00e1rio em Aveiro, depois de alguns [&hellip;]<\/p>\n","protected":false},"author":1,"featured_media":0,"comment_status":"open","ping_status":"open","sticky":false,"template":"","format":"standard","meta":{"footnotes":""},"categories":[51],"tags":[],"class_list":["post-16798","post","type-post","status-publish","format-standard","hentry","category-jovens"],"_links":{"self":[{"href":"https:\/\/sites.ecclesia.pt\/cv\/wp-json\/wp\/v2\/posts\/16798","targetHints":{"allow":["GET"]}}],"collection":[{"href":"https:\/\/sites.ecclesia.pt\/cv\/wp-json\/wp\/v2\/posts"}],"about":[{"href":"https:\/\/sites.ecclesia.pt\/cv\/wp-json\/wp\/v2\/types\/post"}],"author":[{"embeddable":true,"href":"https:\/\/sites.ecclesia.pt\/cv\/wp-json\/wp\/v2\/users\/1"}],"replies":[{"embeddable":true,"href":"https:\/\/sites.ecclesia.pt\/cv\/wp-json\/wp\/v2\/comments?post=16798"}],"version-history":[{"count":0,"href":"https:\/\/sites.ecclesia.pt\/cv\/wp-json\/wp\/v2\/posts\/16798\/revisions"}],"wp:attachment":[{"href":"https:\/\/sites.ecclesia.pt\/cv\/wp-json\/wp\/v2\/media?parent=16798"}],"wp:term":[{"taxonomy":"category","embeddable":true,"href":"https:\/\/sites.ecclesia.pt\/cv\/wp-json\/wp\/v2\/categories?post=16798"},{"taxonomy":"post_tag","embeddable":true,"href":"https:\/\/sites.ecclesia.pt\/cv\/wp-json\/wp\/v2\/tags?post=16798"}],"curies":[{"name":"wp","href":"https:\/\/api.w.org\/{rel}","templated":true}]}}