{"id":16801,"date":"2006-04-03T14:44:00","date_gmt":"2006-04-03T14:44:00","guid":{"rendered":"http:\/\/localhost:81\/wp1\/?p=16801"},"modified":"2006-04-03T14:44:00","modified_gmt":"2006-04-03T14:44:00","slug":"concertos-da-pascoa","status":"publish","type":"post","link":"https:\/\/sites.ecclesia.pt\/cv\/concertos-da-pascoa\/","title":{"rendered":"Concertos da P\u00e1scoa"},"content":{"rendered":"<p>Em diversas igrejas de Aveiro, v\u00e3o decorrer concertos musicais para assinalar a ressurrei\u00e7\u00e3o de Jesus. <\/p>\n<p>Na Igreja do Carmo realiza-se, no dia 18 de Mar\u00e7o, a partir das 21h 30m, um concerto com a participa\u00e7\u00e3o do Grupo de Cordas Allegro e do Grupo Graduale \u2013 M\u00fasica Sacra de Aveiro. A Igreja da Miseric\u00f3rdia ser\u00e1 o palco do concerto a realizar no dia 19, pelas 21h 30m, com a participa\u00e7\u00e3o do Coral Polif\u00f3nico de Aveiro e do Coro CIDAC, de Pa\u00e7os de Brand\u00e3o. No dia 23 de Mar\u00e7o, a partir das 21h 30m, ser\u00e1 a vez da Igreja da Vera Cruz receber um concerto em que actuar\u00e3o o Grupo Coral Capela Antiqua e o Coro de Santa Joana.<\/p>\n","protected":false},"excerpt":{"rendered":"<p>Em diversas igrejas de Aveiro, v\u00e3o decorrer concertos musicais para assinalar a ressurrei\u00e7\u00e3o de Jesus. Na Igreja do Carmo realiza-se, no dia 18 de Mar\u00e7o, a partir das 21h 30m, um concerto com a participa\u00e7\u00e3o do Grupo de Cordas Allegro e do Grupo Graduale \u2013 M\u00fasica Sacra de Aveiro. A Igreja da Miseric\u00f3rdia ser\u00e1 o [&hellip;]<\/p>\n","protected":false},"author":1,"featured_media":0,"comment_status":"open","ping_status":"open","sticky":false,"template":"","format":"standard","meta":{"footnotes":""},"categories":[66],"tags":[],"class_list":["post-16801","post","type-post","status-publish","format-standard","hentry","category-cultura"],"_links":{"self":[{"href":"https:\/\/sites.ecclesia.pt\/cv\/wp-json\/wp\/v2\/posts\/16801","targetHints":{"allow":["GET"]}}],"collection":[{"href":"https:\/\/sites.ecclesia.pt\/cv\/wp-json\/wp\/v2\/posts"}],"about":[{"href":"https:\/\/sites.ecclesia.pt\/cv\/wp-json\/wp\/v2\/types\/post"}],"author":[{"embeddable":true,"href":"https:\/\/sites.ecclesia.pt\/cv\/wp-json\/wp\/v2\/users\/1"}],"replies":[{"embeddable":true,"href":"https:\/\/sites.ecclesia.pt\/cv\/wp-json\/wp\/v2\/comments?post=16801"}],"version-history":[{"count":0,"href":"https:\/\/sites.ecclesia.pt\/cv\/wp-json\/wp\/v2\/posts\/16801\/revisions"}],"wp:attachment":[{"href":"https:\/\/sites.ecclesia.pt\/cv\/wp-json\/wp\/v2\/media?parent=16801"}],"wp:term":[{"taxonomy":"category","embeddable":true,"href":"https:\/\/sites.ecclesia.pt\/cv\/wp-json\/wp\/v2\/categories?post=16801"},{"taxonomy":"post_tag","embeddable":true,"href":"https:\/\/sites.ecclesia.pt\/cv\/wp-json\/wp\/v2\/tags?post=16801"}],"curies":[{"name":"wp","href":"https:\/\/api.w.org\/{rel}","templated":true}]}}