{"id":16816,"date":"2006-04-03T14:44:00","date_gmt":"2006-04-03T14:44:00","guid":{"rendered":"http:\/\/localhost:81\/wp1\/?p=16816"},"modified":"2006-04-03T14:44:00","modified_gmt":"2006-04-03T14:44:00","slug":"comungar-na-mao","status":"publish","type":"post","link":"https:\/\/sites.ecclesia.pt\/cv\/comungar-na-mao\/","title":{"rendered":"Comungar na m\u00e3o"},"content":{"rendered":"<p>Reaprender&#8230; para viver melhor <!--more--> A comunh\u00e3o na m\u00e3o, que n\u00e3o se pode impor nem impedir, deve ajudar as pessoas a que a recebam se assim desejarem, tendo em conta a posi\u00e7\u00e3o da m\u00e3o para receber o Corpo do Senhor e o momento de logo comungar, em atitude de reverente adora\u00e7\u00e3o. <\/p>\n<p>Continua a ser, para alguns, uma quest\u00e3o de escr\u00fapulos: as m\u00e3os n\u00e3o s\u00e3o dignas de tocar o Corpo de Cristo, entendem eles. Mas, se \u00e9 certo que as m\u00e3os limpas s\u00e3o uma condi\u00e7\u00e3o razo\u00e1vel, mais importante \u00e9 um cora\u00e7\u00e3o puro, um esp\u00edrito aberto ao Senhor Jesus. <\/p>\n<p>\u00c9 uma quest\u00e3o pr\u00e1tica de higiene. Se quem pretende receber o P\u00e3o consagrado na boca for educado para o fazer convenientemente, n\u00e3o h\u00e1 dificuldades. Se quem O recebe na m\u00e3o o faz com respeito, ali mesmo O colocando na boca, em profunda adora\u00e7\u00e3o, o gesto \u00e9 igualmente digno. \u00c9 o cora\u00e7\u00e3o que O recebe; \u00e9 o cora\u00e7\u00e3o que conta!<\/p>\n<p>Mas que \u00e9 preciso retomar uma forma\u00e7\u00e3o que d\u00ea consci\u00eancia do Dom que se recebe, que eduque para o \u00edntimo respeito e adora\u00e7\u00e3o, que sublinhe o profundo mist\u00e9rio que somos convidados a partilhar&#8230;, n\u00e3o h\u00e1 d\u00favida que \u00e9! A generaliza\u00e7\u00e3o da comunh\u00e3o n\u00e3o pode dispensar a excel\u00eancia do modo como se recebe, que exprima a profunda convic\u00e7\u00e3o interior de que \u00e9 o Corpo e o Sangue do Senhor que nos \u00e9 dado.<\/p>\n","protected":false},"excerpt":{"rendered":"<p>Reaprender&#8230; para viver melhor<\/p>\n","protected":false},"author":1,"featured_media":0,"comment_status":"open","ping_status":"open","sticky":false,"template":"","format":"standard","meta":{"footnotes":""},"categories":[41],"tags":[],"class_list":["post-16816","post","type-post","status-publish","format-standard","hentry","category-eucaristia"],"_links":{"self":[{"href":"https:\/\/sites.ecclesia.pt\/cv\/wp-json\/wp\/v2\/posts\/16816","targetHints":{"allow":["GET"]}}],"collection":[{"href":"https:\/\/sites.ecclesia.pt\/cv\/wp-json\/wp\/v2\/posts"}],"about":[{"href":"https:\/\/sites.ecclesia.pt\/cv\/wp-json\/wp\/v2\/types\/post"}],"author":[{"embeddable":true,"href":"https:\/\/sites.ecclesia.pt\/cv\/wp-json\/wp\/v2\/users\/1"}],"replies":[{"embeddable":true,"href":"https:\/\/sites.ecclesia.pt\/cv\/wp-json\/wp\/v2\/comments?post=16816"}],"version-history":[{"count":0,"href":"https:\/\/sites.ecclesia.pt\/cv\/wp-json\/wp\/v2\/posts\/16816\/revisions"}],"wp:attachment":[{"href":"https:\/\/sites.ecclesia.pt\/cv\/wp-json\/wp\/v2\/media?parent=16816"}],"wp:term":[{"taxonomy":"category","embeddable":true,"href":"https:\/\/sites.ecclesia.pt\/cv\/wp-json\/wp\/v2\/categories?post=16816"},{"taxonomy":"post_tag","embeddable":true,"href":"https:\/\/sites.ecclesia.pt\/cv\/wp-json\/wp\/v2\/tags?post=16816"}],"curies":[{"name":"wp","href":"https:\/\/api.w.org\/{rel}","templated":true}]}}