{"id":16819,"date":"2006-04-03T14:44:00","date_gmt":"2006-04-03T14:44:00","guid":{"rendered":"http:\/\/localhost:81\/wp1\/?p=16819"},"modified":"2006-04-03T14:44:00","modified_gmt":"2006-04-03T14:44:00","slug":"alunos-e-professores-de-emrc-fazem-festa-em-calvao","status":"publish","type":"post","link":"https:\/\/sites.ecclesia.pt\/cv\/alunos-e-professores-de-emrc-fazem-festa-em-calvao\/","title":{"rendered":"Alunos e professores de EMRC fazem festa em Calv\u00e3o"},"content":{"rendered":"<p>O Col\u00e9gio de Calv\u00e3o (Vagos) vai receber, no dia 8 de Abril, cerca de 1300 alunos de Educa\u00e7\u00e3o Moral e Religiosa Cat\u00f3lica (EMRC), provenientes de 25 escolas do 2\u00ba e 3\u00ba Ciclos e do Secund\u00e1rio, da \u00e1rea da diocese de Aveiro. O encontro Inter-Escolas, iniciativa do Secretariado Diocesano do Ensino Religioso nas Escolas, tem como tema \u201cCom a EMRC, o Outro \u00e9 um amigo\u201d; e pretende ser uma grande festa entre professores (estar\u00e3o presentes cerca de 50) e alunos que frequentam EMRC. Do programa do dia fazem parte encena\u00e7\u00f5es e reflex\u00f5es feitas pelas escolas e ainda uma entrega de pr\u00e9mios (e bon\u00e9s) relativa a um concurso de log\u00f3tipos. D. Ant\u00f3nio Marcelino estar\u00e1 presente e falar\u00e1 aos jovens. <\/p>\n<p>O grupo de m\u00fasica de inspira\u00e7\u00e3o crist\u00e3 Paz Inquieta (na foto) animar\u00e1 alguns momentos do dia.<\/p>\n","protected":false},"excerpt":{"rendered":"<p>O Col\u00e9gio de Calv\u00e3o (Vagos) vai receber, no dia 8 de Abril, cerca de 1300 alunos de Educa\u00e7\u00e3o Moral e Religiosa Cat\u00f3lica (EMRC), provenientes de 25 escolas do 2\u00ba e 3\u00ba Ciclos e do Secund\u00e1rio, da \u00e1rea da diocese de Aveiro. O encontro Inter-Escolas, iniciativa do Secretariado Diocesano do Ensino Religioso nas Escolas, tem como [&hellip;]<\/p>\n","protected":false},"author":1,"featured_media":0,"comment_status":"open","ping_status":"open","sticky":false,"template":"","format":"standard","meta":{"footnotes":""},"categories":[70],"tags":[],"class_list":["post-16819","post","type-post","status-publish","format-standard","hentry","category-diocese"],"_links":{"self":[{"href":"https:\/\/sites.ecclesia.pt\/cv\/wp-json\/wp\/v2\/posts\/16819","targetHints":{"allow":["GET"]}}],"collection":[{"href":"https:\/\/sites.ecclesia.pt\/cv\/wp-json\/wp\/v2\/posts"}],"about":[{"href":"https:\/\/sites.ecclesia.pt\/cv\/wp-json\/wp\/v2\/types\/post"}],"author":[{"embeddable":true,"href":"https:\/\/sites.ecclesia.pt\/cv\/wp-json\/wp\/v2\/users\/1"}],"replies":[{"embeddable":true,"href":"https:\/\/sites.ecclesia.pt\/cv\/wp-json\/wp\/v2\/comments?post=16819"}],"version-history":[{"count":0,"href":"https:\/\/sites.ecclesia.pt\/cv\/wp-json\/wp\/v2\/posts\/16819\/revisions"}],"wp:attachment":[{"href":"https:\/\/sites.ecclesia.pt\/cv\/wp-json\/wp\/v2\/media?parent=16819"}],"wp:term":[{"taxonomy":"category","embeddable":true,"href":"https:\/\/sites.ecclesia.pt\/cv\/wp-json\/wp\/v2\/categories?post=16819"},{"taxonomy":"post_tag","embeddable":true,"href":"https:\/\/sites.ecclesia.pt\/cv\/wp-json\/wp\/v2\/tags?post=16819"}],"curies":[{"name":"wp","href":"https:\/\/api.w.org\/{rel}","templated":true}]}}