{"id":16820,"date":"2006-04-03T14:44:00","date_gmt":"2006-04-03T14:44:00","guid":{"rendered":"http:\/\/localhost:81\/wp1\/?p=16820"},"modified":"2006-04-03T14:44:00","modified_gmt":"2006-04-03T14:44:00","slug":"paixao-pela-verdade","status":"publish","type":"post","link":"https:\/\/sites.ecclesia.pt\/cv\/paixao-pela-verdade\/","title":{"rendered":"Paix\u00e3o pela verdade"},"content":{"rendered":"<p>Reflex\u00e3o pascal <!--more--> \u201cEis o Homem\u201d \u2013 exclama Pilatos, ao apresentar Jesus \u00e0 multid\u00e3o sublevada. Seria uma exclama\u00e7\u00e3o demasiado caricata, se n\u00e3o fosse s\u00e9ria; demasiado burlesca, se n\u00e3o fosse tr\u00e1gica; demasiado ir\u00f3nica, se n\u00e3o fosse verdadeira e prof\u00e9tica. Talvez Pilatos nem sequer medisse o alcance do que dizia. Mas a comunidade crist\u00e3 nascente viu nessa afirma\u00e7\u00e3o um sentido profundo, e continua a proclam\u00e1-la como mensagem positiva para todos os tempos.<\/p>\n<p>A situa\u00e7\u00e3o de Jesus \u00e9 contrastante. A considera\u00e7\u00e3o, que justamente foi merecendo da parte do povo, atingia o grau mais baixo. A fama e honra, de que gozava pela sabedoria dos seus ensinamentos, raiavam o rid\u00edculo. O n\u00edvel social e religioso a que ascendeu pelo seu amor \u00e0 verdade, degradava-se de forma clara e contundente. Os judeus iam observando rigorosamente o ritual da sociedade em que a cultura privilegia a rela\u00e7\u00e3o \u201chonra-vergonha\u201d. Destitu\u00eddo aos olhos da multid\u00e3o daquilo que mais o identificava, que lhe restaria, sen\u00e3o a condena\u00e7\u00e3o ao supl\u00edcio supremo, \u00e0 inf\u00e2mia da morte?!<\/p>\n<p>No entanto, a paix\u00e3o pela verdade leva Jesus a comportar-se de modo interpelante. Para falar, alia o sil\u00eancio \u00e0 palavra. Para testemunhar, concilia a serenidade e a firmeza. Para defender a dignidade, deixa-se aprisionar, permanecendo interiormente livre. Para abrir horizontes \u00e0 compreens\u00e3o humana, assume corajosamente a cruz e leva-a at\u00e9 ao fim. Para completar o ciclo da vida, perdoa aos algozes, confia em Deus Pai, apesar do tormento por que passa, e irrompe vitorioso do t\u00famulo na manh\u00e3 de P\u00e1scoa. Ressuscita, anunciando a outra face da vida. Surge triunfante, testemunhando que Deus aprovara tudo o que havia feito anteriormente. A verdade est\u00e1 do seu lado. Comporta uma dimens\u00e3o objectiva e expressa-se em atitudes coerentes.<\/p>\n<p>\u201cEis o Homem\u201d \u2013 continua a proclamar a Igreja, propondo um modelo que se oferece a todos, sem discrimina\u00e7\u00e3o nem reservas. \u00c9 sua miss\u00e3o permanente fazer esta proposta em di\u00e1logo com as culturas, sobretudo em momentos de crise de valores e de afirma\u00e7\u00e3o clara do abandono de todas as refer\u00eancias \u00e9ticas objectivas. Propor Jesus Cristo como modelo \u00e9 revelar \u00e0 pessoa humana a sua verdadeira dimens\u00e3o, o caminho da sua realiza\u00e7\u00e3o feliz, a verdade que conduz \u00e0 vida aut\u00eantica; o esp\u00edrito de servi\u00e7o que faz crescer em humanidade, dando e recebendo ajuda solid\u00e1ria. <\/p>\n<p>Propor, com ousadia confiante, \u00e9 a atitude fundamental da Igreja numa sociedade secularizada. Sem propostas, acess\u00edveis e atraentes, como se pode escolher?! E sem op\u00e7\u00f5es, como se exercita a liberdade?! E sem liberdade, como se cresce em humanidade?! E sem humanidade, a que se reduz a dignidade da pessoa, a que se condena a sociedade, a que se sujeita a comunidade pol\u00edtica, a que futuro se entrega a esperan\u00e7a das jovens gera\u00e7\u00f5es?!<\/p>\n<p>A paix\u00e3o pela verdade tem a sua fonte inesgot\u00e1vel em Deus, que quer ser conhecido como companheiro da pessoa humana no seu peregrinar sobre a terra. A paix\u00e3o pela verdade brilha no exemplo de Jesus, em tudo quanto disse e fez, sobretudo nas fases cruciais da sua vida. A paix\u00e3o pela verdade \u00e9 alimentada pelo Esp\u00edrito Santo, que n\u00e3o cessa de nos fazer recordar, nas mais diversas circunst\u00e2ncias, a mem\u00f3ria viva de Cristo.<\/p>\n<p>A verdade fragmenta-se em valores que d\u00e3o sentido \u00e0 vida, origem e configura\u00e7\u00e3o \u00e0s culturas, humanidade \u00e0s civiliza\u00e7\u00f5es. S\u00e3o estes valores que, \u00e0 maneira de caminhos, podem convergir entre si e conduzir ao Evangelho de Jesus Cristo, recebendo um precioso refor\u00e7o. S\u00e3o estes valores que, integrados num todo harmonioso, manifestam a humanidade da conviv\u00eancia social e fazem brilhar o rosto feliz de Deus-Pai na fidelidade incondicional \u00e0 verdade e nas atitudes dignas de todos os cidad\u00e3os.<\/p>\n","protected":false},"excerpt":{"rendered":"<p>Reflex\u00e3o pascal<\/p>\n","protected":false},"author":1,"featured_media":0,"comment_status":"open","ping_status":"open","sticky":false,"template":"","format":"standard","meta":{"footnotes":""},"categories":[59],"tags":[],"class_list":["post-16820","post","type-post","status-publish","format-standard","hentry","category-formacao"],"_links":{"self":[{"href":"https:\/\/sites.ecclesia.pt\/cv\/wp-json\/wp\/v2\/posts\/16820","targetHints":{"allow":["GET"]}}],"collection":[{"href":"https:\/\/sites.ecclesia.pt\/cv\/wp-json\/wp\/v2\/posts"}],"about":[{"href":"https:\/\/sites.ecclesia.pt\/cv\/wp-json\/wp\/v2\/types\/post"}],"author":[{"embeddable":true,"href":"https:\/\/sites.ecclesia.pt\/cv\/wp-json\/wp\/v2\/users\/1"}],"replies":[{"embeddable":true,"href":"https:\/\/sites.ecclesia.pt\/cv\/wp-json\/wp\/v2\/comments?post=16820"}],"version-history":[{"count":0,"href":"https:\/\/sites.ecclesia.pt\/cv\/wp-json\/wp\/v2\/posts\/16820\/revisions"}],"wp:attachment":[{"href":"https:\/\/sites.ecclesia.pt\/cv\/wp-json\/wp\/v2\/media?parent=16820"}],"wp:term":[{"taxonomy":"category","embeddable":true,"href":"https:\/\/sites.ecclesia.pt\/cv\/wp-json\/wp\/v2\/categories?post=16820"},{"taxonomy":"post_tag","embeddable":true,"href":"https:\/\/sites.ecclesia.pt\/cv\/wp-json\/wp\/v2\/tags?post=16820"}],"curies":[{"name":"wp","href":"https:\/\/api.w.org\/{rel}","templated":true}]}}