{"id":16821,"date":"2006-04-03T14:44:00","date_gmt":"2006-04-03T14:44:00","guid":{"rendered":"http:\/\/localhost:81\/wp1\/?p=16821"},"modified":"2006-04-03T14:44:00","modified_gmt":"2006-04-03T14:44:00","slug":"a-maior-noticia-o-tumulo-esta-vazio","status":"publish","type":"post","link":"https:\/\/sites.ecclesia.pt\/cv\/a-maior-noticia-o-tumulo-esta-vazio\/","title":{"rendered":"A maior not\u00edcia: &#8220;O t\u00famulo est\u00e1 vazio&#8221;"},"content":{"rendered":"<p>\u00c0 Luz da Palavra &#8211; Domingo de P\u00e1scoa &#8211; Ano A <!--more--> \u201cEste \u00e9 o dia que o Senhor fez: exultemos e cantemos de alegria! Aleluia!\u201d<\/p>\n<p>A maior not\u00edcia deste 1\u00ba dia da semana, ap\u00f3s a morte de Jesus no alto do monte Calv\u00e1rio, \u00e9 que o t\u00famulo onde fora depositado o seu corpo, est\u00e1 vazio. Maria Madalena, disc\u00edpula fiel do Senhor, mal acabara o repouso sab\u00e1tico, \u201cainda escuro\u201d, corre pressurosa ao sepulcro e \u201cviu a pedra retirada\u201d. Sim, a grande pedra que fora colocada \u00e0 boca do t\u00famulo, para que ningu\u00e9m roubasse o corpo do Senhor Jesus, estava posta de lado. Assustada, Maria corre a avisar Pedro e Jo\u00e3o de que tinham roubado o Senhor e que n\u00e3o sabia onde o tinham colocado. Estes dois disc\u00edpulos, acompanhados pela mulher fiel, correm, por sua vez, at\u00e9 ao sepulcro e, ao entrarem, v\u00eam o sepulcro vazio. As ligaduras com que tinham envolvido o corpo do Senhor est\u00e3o estendidas no ch\u00e3o e o sud\u00e1rio, enrolado \u00e0 parte. Ao verem o sepulcro vazio, os disc\u00edpulos acreditam e entendem a Escritura, \u201csegundo a qual Jesus devia ressuscitar dos mortos\u201d.<\/p>\n<p>Por\u00e9m, de pouco valia a confirma\u00e7\u00e3o de que o t\u00famulo estava vazio, se n\u00e3o fossem as apari\u00e7\u00f5es de Jesus Ressuscitado. Na continua\u00e7\u00e3o do evangelho, Jo\u00e3o conta que Maria Madalena ficou por ali, a chorar, quando o pr\u00f3prio Jesus lhe aparece vivo e lhe pergunta: \u201cMulher, porque choras? Quem procuras?\u201d; e, ao cham\u00e1-la pelo seu nome pr\u00f3prio, Maria exclama: \u201cRabbuni!, que quer dizer: \u00abMestre\u00bb\u201d. Jesus, ent\u00e3o, confere-lhe a miss\u00e3o de ir anunciar aos seus disc\u00edpulos que Ele est\u00e1 vivo e que vai subir para o Pai. Foram muitos os que viram e experimentaram o Senhor ressuscitado. Mais de 500 irm\u00e3os, de uma s\u00f3 vez! Relata-nos o texto da Escritura. <\/p>\n<p>\u00c9 este facto que faz not\u00edcia. Aquele que foi suspenso na cruz, Deus ressuscitou-o ao terceiro dia, e permitiu-lhe manifestar-se a n\u00f3s e a todo o povo, constituindo-nos suas testemunhas, afirma Pedro na 1\u00aa leitura, em casa de Corn\u00e9lio, depois de ter percebido que Jesus de Nazar\u00e9 \u00e9 o Salvador de todos, judeus e pag\u00e3os. E Paulo, que s\u00f3 mais tarde se tornou, igualmente, testemunha de Jesus ressuscitado, quando Ele lhe apareceu no caminho de Damasco, confirma-nos na f\u00e9 deste acontecimento fundamental do Cristianismo. Incita-nos a viver como pessoas ressuscitadas, em Cristo, deixando de lado o pecado e a vida mesquinha, para nos afei\u00e7oarmos \u00e0s coisas espirituais, \u00e0s que nos v\u00eam de Deus, por Jesus Cristo, de modo que a nossa vida d\u00ea, tamb\u00e9m, testemunho de que a vit\u00f3ria alcan\u00e7ada por Ele sobre o pecado e a morte \u00e9 concretizada no nosso modo de ser e de agir em particular e em p\u00fablico.<\/p>\n<p>Ser fiel a Cristo vivo, nos caminhos da tua exist\u00eancia, \u00e9 a principal tarefa crist\u00e3 que te cabe. Se Cristo n\u00e3o tivesse ressuscitado, a tua f\u00e9 n\u00e3o teria sentido, afirma Paulo. Mas, uma vez que Ele est\u00e1 vivo, vive tu tamb\u00e9m como Ele, sendo testemunha de uma vida nova, de uma vida conduzida pela ac\u00e7\u00e3o do Esp\u00edrito, que ressuscitou Jesus, e que te ressuscita a ti conjuntamente, desde aqui e agora. Vive na alegria e na paz de quem sente e sabe que est\u00e1 salvo em Cristo vivo. Aleluia!<\/p>\n<p>Leituras do Domingo de P\u00e1scoa: <\/p>\n<p>Act 10,34a 37-43; Sl 117 (118); Cl 3,1-4; <\/p>\n<p>Jo 20,1-9.<\/p>\n<p>Deolinda Serralheiro<\/p>\n","protected":false},"excerpt":{"rendered":"<p>\u00c0 Luz da Palavra &#8211; Domingo de P\u00e1scoa &#8211; Ano A<\/p>\n","protected":false},"author":1,"featured_media":0,"comment_status":"open","ping_status":"open","sticky":false,"template":"","format":"standard","meta":{"footnotes":""},"categories":[59],"tags":[],"class_list":["post-16821","post","type-post","status-publish","format-standard","hentry","category-formacao"],"_links":{"self":[{"href":"https:\/\/sites.ecclesia.pt\/cv\/wp-json\/wp\/v2\/posts\/16821","targetHints":{"allow":["GET"]}}],"collection":[{"href":"https:\/\/sites.ecclesia.pt\/cv\/wp-json\/wp\/v2\/posts"}],"about":[{"href":"https:\/\/sites.ecclesia.pt\/cv\/wp-json\/wp\/v2\/types\/post"}],"author":[{"embeddable":true,"href":"https:\/\/sites.ecclesia.pt\/cv\/wp-json\/wp\/v2\/users\/1"}],"replies":[{"embeddable":true,"href":"https:\/\/sites.ecclesia.pt\/cv\/wp-json\/wp\/v2\/comments?post=16821"}],"version-history":[{"count":0,"href":"https:\/\/sites.ecclesia.pt\/cv\/wp-json\/wp\/v2\/posts\/16821\/revisions"}],"wp:attachment":[{"href":"https:\/\/sites.ecclesia.pt\/cv\/wp-json\/wp\/v2\/media?parent=16821"}],"wp:term":[{"taxonomy":"category","embeddable":true,"href":"https:\/\/sites.ecclesia.pt\/cv\/wp-json\/wp\/v2\/categories?post=16821"},{"taxonomy":"post_tag","embeddable":true,"href":"https:\/\/sites.ecclesia.pt\/cv\/wp-json\/wp\/v2\/tags?post=16821"}],"curies":[{"name":"wp","href":"https:\/\/api.w.org\/{rel}","templated":true}]}}