{"id":16822,"date":"2006-04-03T14:44:00","date_gmt":"2006-04-03T14:44:00","guid":{"rendered":"http:\/\/localhost:81\/wp1\/?p=16822"},"modified":"2006-04-03T14:44:00","modified_gmt":"2006-04-03T14:44:00","slug":"cep-reformula-comissoes-episcopais","status":"publish","type":"post","link":"https:\/\/sites.ecclesia.pt\/cv\/cep-reformula-comissoes-episcopais\/","title":{"rendered":"CEP reformula comiss\u00f5es episcopais"},"content":{"rendered":"<p>A Confer\u00eancia Episcopal Portuguesa (CEP) fez uma reformula\u00e7\u00e3o nas comiss\u00f5es episcopais: de treze passaram para nove. Na pr\u00f3xima assembleia plen\u00e1ria de Abril, os bispos ir\u00e3o eleger os presidentes das respectivas comiss\u00f5es e o novo conselho permanente da Confer\u00eancia Episcopal. <\/p>\n<p>Algumas comiss\u00f5es mudaram de nome e outras ficaram agrupadas. As comiss\u00f5es episcopais da Cultura, Bens Culturais e Comunica\u00e7\u00f5es Sociais ficar\u00e3o condensadas numa \u00fanica. Tamb\u00e9m as comiss\u00f5es do Apostolado dos Leigos e da Fam\u00edlia foram condensadas num \u00fanico \u00f3rg\u00e3o, denominado Laicado e Fam\u00edlia. <\/p>\n<p>A Comiss\u00e3o Episcopal de Migra\u00e7\u00f5es e Turismo passa a denominar-se da Mobilidade Humana; a do Clero, Semin\u00e1rio e Voca\u00e7\u00f5es passa a denominar-se Voca\u00e7\u00f5es e Minist\u00e9rios, ficando um bispo delegado para as rela\u00e7\u00f5es com os Institutos de Vida Consagrada e Sociedades de Vida Apost\u00f3lica. A antiga comiss\u00e3o para a Ac\u00e7\u00e3o Social e Caritativa passa a chamar-se de Pastoral Social. O nome da Comiss\u00e3o da Doutrina da F\u00e9 tamb\u00e9m foi alterado e passou a intitular-se Doutrina da F\u00e9 e Ecumenismo.<\/p>\n<p>J\u00e1 as Comiss\u00f5es da Educa\u00e7\u00e3o Crist\u00e3, Miss\u00f5es e Liturgia ficam com o mesmo nome.<\/p>\n<p>Em declara\u00e7\u00f5es ao Correio do Vouga, D. Ant\u00f3nio Marcelino justificou as mudan\u00e7as: \u201cT\u00ednhamos muitas comiss\u00f5es episcopais, treze, e poucos bispos dispon\u00edveis. A presid\u00eancia actual, o Patriarca e eu, fundamentalmente, \u00edamos conversando sobre isto tudo com um certo inc\u00f3modo; e pareceu-nos aceit\u00e1vel diminuir o n\u00famero de comiss\u00f5es e juntar algumas que s\u00e3o cont\u00edguas, por exemplo, laicado e fam\u00edlia, cultura e comunica\u00e7\u00e3o social. Verificamos que h\u00e1 um n\u00famero de comiss\u00f5es que podem ser presididas por uma pessoa s\u00f3, com secretariados mais alargados, se for necess\u00e1rio. Mas ser\u00e1 mais f\u00e1cil arranjar nove presidentes de comiss\u00f5es episcopais do que treze\u201d.<\/p>\n","protected":false},"excerpt":{"rendered":"<p>A Confer\u00eancia Episcopal Portuguesa (CEP) fez uma reformula\u00e7\u00e3o nas comiss\u00f5es episcopais: de treze passaram para nove. Na pr\u00f3xima assembleia plen\u00e1ria de Abril, os bispos ir\u00e3o eleger os presidentes das respectivas comiss\u00f5es e o novo conselho permanente da Confer\u00eancia Episcopal. Algumas comiss\u00f5es mudaram de nome e outras ficaram agrupadas. As comiss\u00f5es episcopais da Cultura, Bens Culturais [&hellip;]<\/p>\n","protected":false},"author":1,"featured_media":0,"comment_status":"open","ping_status":"open","sticky":false,"template":"","format":"standard","meta":{"footnotes":""},"categories":[44],"tags":[],"class_list":["post-16822","post","type-post","status-publish","format-standard","hentry","category-igreja"],"_links":{"self":[{"href":"https:\/\/sites.ecclesia.pt\/cv\/wp-json\/wp\/v2\/posts\/16822","targetHints":{"allow":["GET"]}}],"collection":[{"href":"https:\/\/sites.ecclesia.pt\/cv\/wp-json\/wp\/v2\/posts"}],"about":[{"href":"https:\/\/sites.ecclesia.pt\/cv\/wp-json\/wp\/v2\/types\/post"}],"author":[{"embeddable":true,"href":"https:\/\/sites.ecclesia.pt\/cv\/wp-json\/wp\/v2\/users\/1"}],"replies":[{"embeddable":true,"href":"https:\/\/sites.ecclesia.pt\/cv\/wp-json\/wp\/v2\/comments?post=16822"}],"version-history":[{"count":0,"href":"https:\/\/sites.ecclesia.pt\/cv\/wp-json\/wp\/v2\/posts\/16822\/revisions"}],"wp:attachment":[{"href":"https:\/\/sites.ecclesia.pt\/cv\/wp-json\/wp\/v2\/media?parent=16822"}],"wp:term":[{"taxonomy":"category","embeddable":true,"href":"https:\/\/sites.ecclesia.pt\/cv\/wp-json\/wp\/v2\/categories?post=16822"},{"taxonomy":"post_tag","embeddable":true,"href":"https:\/\/sites.ecclesia.pt\/cv\/wp-json\/wp\/v2\/tags?post=16822"}],"curies":[{"name":"wp","href":"https:\/\/api.w.org\/{rel}","templated":true}]}}