{"id":16823,"date":"2006-04-03T14:44:00","date_gmt":"2006-04-03T14:44:00","guid":{"rendered":"http:\/\/localhost:81\/wp1\/?p=16823"},"modified":"2006-04-03T14:44:00","modified_gmt":"2006-04-03T14:44:00","slug":"a-diversidade-faz-a-igreja","status":"publish","type":"post","link":"https:\/\/sites.ecclesia.pt\/cv\/a-diversidade-faz-a-igreja\/","title":{"rendered":"A diversidade faz a Igreja"},"content":{"rendered":"<p>Dia Mundial da Juventude, celebrado em \u00cdlhavo no Domingo de Ramos <!--more--> K\u00e1tya, 26 anos, professora do primeiro ciclo, apresenta com dinamismo as actividades do JA: \u201cN\u00f3s n\u00e3o pudemos trazer para aqui pessoas. Elas \u00e9 que s\u00e3o a nossa mat\u00e9ria-prima. Mas temos aqui o Jo\u00e3o e a Rita [aponta para uns bonecos impressos em folhas A4], que deram forma ao imagin\u00e1rio deste ano. E temos postais para vender. Tamb\u00e9m podem ver uma projec\u00e7\u00e3o sobre as actividades do JA\u201d. Mas o que \u00e9 o JA? JA quer dizer Jovens em Ac\u00e7\u00e3o. \u00c9 a sigla do grupo que dinamiza boa parte da pastoral juvenil da par\u00f3quia de Esgueira. A K\u00e1tya explica a origem do grupo: \u201cEstava a incomodar-nos que em Esgueira n\u00e3o se fizesse nada. A par\u00f3quia era um local de passagem [de padres novos ou seminaristas] e muito do dinamismo ia-se perdendo ou n\u00e3o tinha continuidade. Por isso, fizemos o JA. E a nossa principal mensagem \u00e9: \u2018Incomoda-te\u2019\u201d. A K\u00e1tya falava \u00e0 entrada da barraquinha do seu grupo. Como ela, muitos outros jovens e alguns adultos apresentavam as suas actividades na feira de grupos e movimentos que decorreu nos pavilh\u00f5es do mercado municipal de \u00cdlhavo no domingo.<\/p>\n<p>Uns metros \u00e0 frente, no \u201c\u00e1trio\u201d de outra barraquinha, duas dezenas de jovens, numa roda, cantavam com gestos. Era o grupo Adoramuste, jovens do renovamento carism\u00e1tico. A quem por l\u00e1 passava, representavam a cena b\u00edblica de \u201cJesus e a Samaritana\u201d e convidavam a tirar \u00e1gua fresca do po\u00e7o. A \u00e1gua fresca vinha em pap\u00e9is com mensagens como esta: \u201cPor muito que tenhas duvidado, temido ou tra\u00eddo na vida, hoje est\u00e1s aqui, precisamente no lugar onde deves estar! Confia no fio resistente que une os momentos da tua vida\u2026 Ele foi tecido por Deus que \u00e9 Amor\u201d.<\/p>\n<p>Na \u201cbarraca\u201d do lado, ladeada por um jipe todo-o-terreno, meio de transporte imprescind\u00edvel para os mission\u00e1rios, Pedro Barros, 24 anos, vestido com roupas tradicionais africanas, divulgava as actividades SDAM (Secretariado Diocesano de Ac\u00e7\u00e3o Mission\u00e1ria). Este organismo, nos \u00faltimos anos, proporcionou a v\u00e1rias dezenas de jovens as \u201cf\u00e9rias mission\u00e1rias\u201d no Brasil ou em pa\u00edses africanos.<\/p>\n<p>Cada barraca desta feira revelou imensas descobertas aos cerca de oitocentos jovens que as visitaram em pequenos grupos de \u201cpeddy-papper\u201d. Atrav\u00e9s de apresenta\u00e7\u00f5es em \u201cpower-point\u201d, folhetos, fotografias, jogos ou mensagens, os grupos, movimentos e servi\u00e7os da diocese que trabalham com jovens mostraram que a frase \u201cos jovens n\u00e3o fazem nada\u201d n\u00e3o tem raz\u00e3o de ser. A pastoral juvenil em Aveiro tem muito dinamismo. Talvez uns tenham que conhecer mais os outros e participar nas suas actividades. Mas para isso mesmo \u00e9 que esta feira serviu. \u201cA diversidade de movimentos e carismas \u00e9 que nos transforma em igreja\u201d, disse ao Correio do Vouga o Pe Rui Barnab\u00e9, respons\u00e1vel pelo Secretariado Diocesano da Pastoral Juvenil, organismo que coordenou o DMJ em colabora\u00e7\u00e3o com os jovens da par\u00f3quia de \u00cdlhavo.<\/p>\n<p>\u201cNamorar \u00e9 andar na lua\u201d<\/p>\n<p>Curiosamente, algumas das tendas mais interactivas eram animadas por adultos. Na da Prepara\u00e7\u00e3o Remota Para o Matrim\u00f3nio (organismo da pastoral familiar) pedia-se aos jovens que escrevessem frases sobre \u201cNamorar \u00e9\u2026\u201d, escolhia-se o \u201cValor 2005\u201d (ganhou o Respeito M\u00fatuo, com 25 por cento dos votos) e havia um concurso de Mensagens de Amor. Ganhou uma jovem de \u00cdlhavo com esta: \u201cTudo aquilo que pensei que fosses, tu ultrapassaste. Os momentos perfeitos que sonhei contigo tornaram-se realidade. Tudo o que sou, tu \u00e9s. Somos um. Eu e tu somos um para sempre.\u201d Na lista imensa das frases sobre \u201cnamorar\u201d havia desde o \u201cnamorar \u00e9 andar na lua\u201d ao \u201ca namorar aprendemos a partilhar e a conhecermo-nos melhor\u201d. J\u00e1 na tenda do Secretariado Diocesano de Ensino Religioso nas Escolas (SDERE &#8211; coordena os professores de EMRC) imperava a pedagogia. Por exemplo, no jogo as \u201capar\u00eancias de bem\u201d ofereciam-se falsos ovos-moles. Por fora pareciam verdadeiros. Quem os provesse verificava que por dentro s\u00f3 tinham farinha seca. O objectivo era simples: mostrar que nem tudo o que parece \u00e9 um bem. Disse Elisa Urbano, respons\u00e1vel do SDERE que alguns jovens comeram na mesma. Seria um sinal de que n\u00e3o s\u00e3o capazes de distinguir o que \u00e9 bom do que n\u00e3o presta?<\/p>\n<p>Muitos outros movimentos ou grupos da diocese estavam representados, embora tamb\u00e9m se notassem algumas lacunas. Estavam l\u00e1 a JOC (Juventude Oper\u00e1ria Cat\u00f3lica), a ju-ventude feminina de Schoenstatt e a masculina (est\u00e3o ambas a preparar um grande encontro na Alemanha, visto que Schoenstatt fica perto de Col\u00f3nia, o local de realiza\u00e7\u00e3o da jornada mundial, em Agosto), o Corpo Nacional de Escutas, a par\u00f3quia da Gl\u00f3ria com os seus organismos juvenis (Jufra e Jeofater \u2013 juventudes franciscanas, ac\u00f3litos, etc.), o Semin\u00e1rio de Aveiro, o Secretariado de Catequese de Inf\u00e2ncia e Adolesc\u00eancia e ainda o Arciprestado de Aveiro.<\/p>\n<p>Espa\u00e7o sempre muito frequentado foi a \u201ctenda\u201d \u201cViemos ador\u00e1-lo\u201d, onde se cantava e rezava \u00e0 maneira de Taiz\u00e9. Quem esteve em Taiz\u00e9 ou no encontro europeu de Lisboa p\u00f4de recordar os bons momentos de reflex\u00e3o. Os outros puderem ter um \u201ccheirinho\u201d desse esp\u00edrito.<\/p>\n<p>\u201cAlertem os distra\u00eddos\u201d<\/p>\n<p>As actividades previstas para a tarde correram bastante bem com o concerto dos ilhavenses Natum Dei a fazer saltar os jovens, mesmo debaixo de alguns pingos de chuva. Foi um in\u00edcio de tarde animado, onde as mem\u00f3rias de outrora estavam \u00e0 flor da pele, sobretudo para aqueles que h\u00e1 alguns anos acompanhavam o trabalho deste grupo e sabiam, como deu para observar, as letras de cor da maioria das m\u00fasicas! Foi uma hora animada onde n\u00e3o faltaram aplausos, pulos e muita anima\u00e7\u00e3o.<\/p>\n<p>Depois do concerto e j\u00e1 num am-biente de uma certa serenidade deu-se a B\u00ean\u00e7\u00e3o dos Ramos e, logo de seguida, a Eucaristia, presidida por D. Ant\u00f3nio Marcelino, que j\u00e1 estivera no encontro, logo pela manh\u00e3, na ora\u00e7\u00e3o inicial. Na homilia o bispo de Aveiro lembrou que \u201co Domingo de Ramos \u00e9 como que a s\u00edntese de toda a vida crist\u00e3\u201d e que \u201co Evangelho deste dia deve dar-nos for\u00e7a para toda a vida\u201d. \u201cDo triunfo da b\u00ean\u00e7\u00e3o dos Ramos \u00e0 Paix\u00e3o de Cristo podemos tirar a maior li\u00e7\u00e3o da nossa vida: nem a gl\u00f3ria, nem as humilha\u00e7\u00f5es ou a dor s\u00e3o definitivos, s\u00f3 o amor de Deus \u00e9 infinito\u201d.<\/p>\n<p>D. Ant\u00f3nio Marcelino deixou um apelo: \u201c\u00c9 preciso ir ao encontro dos outros, dos que n\u00e3o vieram, levando o que viveram aqui, para que este dia valha a pena. Alertem os outros que andam distra\u00eddos das coisas de Deus\u201d. A julgar pelos organismos juvenis presentes no dia, este apelo j\u00e1 foi assumido. Mas se olharmos para os jovens indiferentes, ainda h\u00e1 muito a fazer.<\/p>\n<p>Catarina Pereira \/ J. P. F.<\/p>\n","protected":false},"excerpt":{"rendered":"<p>Dia Mundial da Juventude, celebrado em \u00cdlhavo no Domingo de Ramos<\/p>\n","protected":false},"author":1,"featured_media":0,"comment_status":"open","ping_status":"open","sticky":false,"template":"","format":"standard","meta":{"footnotes":""},"categories":[51],"tags":[],"class_list":["post-16823","post","type-post","status-publish","format-standard","hentry","category-jovens"],"_links":{"self":[{"href":"https:\/\/sites.ecclesia.pt\/cv\/wp-json\/wp\/v2\/posts\/16823","targetHints":{"allow":["GET"]}}],"collection":[{"href":"https:\/\/sites.ecclesia.pt\/cv\/wp-json\/wp\/v2\/posts"}],"about":[{"href":"https:\/\/sites.ecclesia.pt\/cv\/wp-json\/wp\/v2\/types\/post"}],"author":[{"embeddable":true,"href":"https:\/\/sites.ecclesia.pt\/cv\/wp-json\/wp\/v2\/users\/1"}],"replies":[{"embeddable":true,"href":"https:\/\/sites.ecclesia.pt\/cv\/wp-json\/wp\/v2\/comments?post=16823"}],"version-history":[{"count":0,"href":"https:\/\/sites.ecclesia.pt\/cv\/wp-json\/wp\/v2\/posts\/16823\/revisions"}],"wp:attachment":[{"href":"https:\/\/sites.ecclesia.pt\/cv\/wp-json\/wp\/v2\/media?parent=16823"}],"wp:term":[{"taxonomy":"category","embeddable":true,"href":"https:\/\/sites.ecclesia.pt\/cv\/wp-json\/wp\/v2\/categories?post=16823"},{"taxonomy":"post_tag","embeddable":true,"href":"https:\/\/sites.ecclesia.pt\/cv\/wp-json\/wp\/v2\/tags?post=16823"}],"curies":[{"name":"wp","href":"https:\/\/api.w.org\/{rel}","templated":true}]}}