{"id":16825,"date":"2006-04-03T14:44:00","date_gmt":"2006-04-03T14:44:00","guid":{"rendered":"http:\/\/localhost:81\/wp1\/?p=16825"},"modified":"2006-04-03T14:44:00","modified_gmt":"2006-04-03T14:44:00","slug":"camara-de-aveiro-e-visabeira-sao-parceiras-no-parque-desportivo-de-aveiro","status":"publish","type":"post","link":"https:\/\/sites.ecclesia.pt\/cv\/camara-de-aveiro-e-visabeira-sao-parceiras-no-parque-desportivo-de-aveiro\/","title":{"rendered":"C\u00e2mara de Aveiro e Visabeira s\u00e3o parceiras no Parque Desportivo de Aveiro"},"content":{"rendered":"<p>A C\u00e2mara Municipal de Aveiro escolheu a empresa de Viseu Visabeira para ser sua parceira na empresa municipal Parque Municipal de Aveiro (PDA), que visa concretizar os diversos projectos previstos para os cerca de duzentos hectares de terreno que integram a zona de expans\u00e3o daquela estrutura de desporto e lazer aveirense. <\/p>\n<p>O concurso p\u00fablico para aumento e abertura de 49% do capital social da PDA a um parceiro privado, lan\u00e7ado pela autarquia aveirense em 2004, contou com a participa\u00e7\u00e3o de tr\u00eas concorrentes: Grupo Visabeira, Rosa Construtores\/ Banco Esp\u00edrito Santo, Grupo Pestana\/ Civilria, que teve como vencedor o primeiro.<\/p>\n<p>Para al\u00e9m do est\u00e1dio, acessos e estacionamentos j\u00e1 existentes, nos duzentos hectares da PDA ir\u00e3o surgir diversas estruturas, como um campo de golfe, um centro h\u00edpico, uma zona para a pr\u00e1tica de t\u00e9nis, um conjunto de piscinas, um complexo habitacional, dois hot\u00e9is e \u00e1reas comerciais e de servi\u00e7os.<\/p>\n","protected":false},"excerpt":{"rendered":"<p>A C\u00e2mara Municipal de Aveiro escolheu a empresa de Viseu Visabeira para ser sua parceira na empresa municipal Parque Municipal de Aveiro (PDA), que visa concretizar os diversos projectos previstos para os cerca de duzentos hectares de terreno que integram a zona de expans\u00e3o daquela estrutura de desporto e lazer aveirense. O concurso p\u00fablico para [&hellip;]<\/p>\n","protected":false},"author":1,"featured_media":0,"comment_status":"open","ping_status":"open","sticky":false,"template":"","format":"standard","meta":{"footnotes":""},"categories":[63],"tags":[],"class_list":["post-16825","post","type-post","status-publish","format-standard","hentry","category-aveiro"],"_links":{"self":[{"href":"https:\/\/sites.ecclesia.pt\/cv\/wp-json\/wp\/v2\/posts\/16825","targetHints":{"allow":["GET"]}}],"collection":[{"href":"https:\/\/sites.ecclesia.pt\/cv\/wp-json\/wp\/v2\/posts"}],"about":[{"href":"https:\/\/sites.ecclesia.pt\/cv\/wp-json\/wp\/v2\/types\/post"}],"author":[{"embeddable":true,"href":"https:\/\/sites.ecclesia.pt\/cv\/wp-json\/wp\/v2\/users\/1"}],"replies":[{"embeddable":true,"href":"https:\/\/sites.ecclesia.pt\/cv\/wp-json\/wp\/v2\/comments?post=16825"}],"version-history":[{"count":0,"href":"https:\/\/sites.ecclesia.pt\/cv\/wp-json\/wp\/v2\/posts\/16825\/revisions"}],"wp:attachment":[{"href":"https:\/\/sites.ecclesia.pt\/cv\/wp-json\/wp\/v2\/media?parent=16825"}],"wp:term":[{"taxonomy":"category","embeddable":true,"href":"https:\/\/sites.ecclesia.pt\/cv\/wp-json\/wp\/v2\/categories?post=16825"},{"taxonomy":"post_tag","embeddable":true,"href":"https:\/\/sites.ecclesia.pt\/cv\/wp-json\/wp\/v2\/tags?post=16825"}],"curies":[{"name":"wp","href":"https:\/\/api.w.org\/{rel}","templated":true}]}}