{"id":16903,"date":"2006-04-03T14:44:00","date_gmt":"2006-04-03T14:44:00","guid":{"rendered":"http:\/\/localhost:81\/wp1\/?p=16903"},"modified":"2006-04-03T14:44:00","modified_gmt":"2006-04-03T14:44:00","slug":"breves-do-vaticano","status":"publish","type":"post","link":"https:\/\/sites.ecclesia.pt\/cv\/breves-do-vaticano\/","title":{"rendered":"Breves do Vaticano"},"content":{"rendered":"<p>\u2022 Quinze longos minutos durou o aplauso popular no \u00faltimo adeus a Jo\u00e3o Paulo II, no final do funeral, no dia 8 de Abril. Karol Woytila est\u00e1 agora sepultado no interior da cripta da bas\u00edlica de S. Pedro, perto da zona onde est\u00e1 sepultado o primeiro Papa.<\/p>\n<p>\u2022 Cerca de dois milh\u00f5es e 600 mil fi\u00e9is invadiram Roma para o funeral do Papa, entre os quais 200 dirigentes mundiais. A popula\u00e7\u00e3o de Roma duplicou, o que obrigou a refor\u00e7os na seguran\u00e7a. No final, \u201cnem um relato de um eventual roubo de carteira tinha sido comunicado \u00e0 pol\u00edcia\u201d.<\/p>\n<p>\u2022 O corpo de Jo\u00e3o Paulo II, durante os quatro dias de exposi\u00e7\u00e3o, recebeu um milh\u00e3o e 300 mil peregrinos (cerca de 20 mil por hora).As filas chegaram a atingir cinco km e algumas pessoas tiveram de esperar 24 horas.<\/p>\n<p>\u2022 Perante os pedidos populares de \u201cSanto j\u00e1\u201d, uma vez que o processo de beatifica\u00e7\u00e3o s\u00f3 por decis\u00e3o papal \u00e9 que pode iniciar-se antes de cinco anos ap\u00f3s a morte, Navarro-Valls, porta-voz do Vaticano, afirmou: \u201cA compet\u00eancia dessa decis\u00e3o \u00e9, apenas e exclusivamente, do novo pont\u00edfice\u201d.<\/p>\n<p>O pr\u00f3ximo Papa<\/p>\n<p>\u2022 O conclave para elei\u00e7\u00e3o do 265\u00ba papa ter\u00e1 in\u00edcio no dia 18 de Abril. T\u00eam direito a votar 117 cardeais. Os restantes 66 cardeais n\u00e3o votam por terem mais de 80 anos. Dos 117 cardeais tr\u00eas foram ainda nomeados por Paulo VI, pelo que participam pela segunda vez na elei\u00e7\u00e3o de um papa.<\/p>\n<p>\u2022 Dois dos cardeais eleitores s\u00e3o portugueses: D. Jos\u00e9 Policarpo, cardeal-patriarca de Lisboa, e D. Jos\u00e9 Saraiva Martins, prefeito da Congrega\u00e7\u00e3o para a Causa dos Santos.<\/p>\n<p>\u2022 Os 130 cardeais (eleitores e n\u00e3o-eleitores) presentes em Roma aprovaram, no s\u00e1bado, por unanimidade, a decis\u00e3o de se manterem em \u201csil\u00eancio e ora\u00e7\u00e3o\u201d at\u00e9 ao in\u00edcio do conclave.<\/p>\n<p>\u2022 Ao contr\u00e1rio do que por vezes se afirma, pode ser eleito papa qualquer bispo (e n\u00e3o apenas os bispos cardeais) e mesmo um padre que tenha condi\u00e7\u00f5es para ser bispo (cinco anos de ordena\u00e7\u00e3o e mais de 35 de idade). Mas \u00e9 altamente improv\u00e1vel que o pr\u00f3ximo papa n\u00e3o esteja entre os cardeais eleitores.<\/p>\n<p>\u2022 O conclave, na Capela Sistina, inicia-se no dia 18 de Abril. O papa deve ser eleito por uma maioria de dois ter\u00e7os. Se isso n\u00e3o acontecer at\u00e9 ao 30 de Abril, a elei\u00e7\u00e3o passa a exigir metade dos votos mais um.<\/p>\n<p>\u2022 O boletim de voto tem escrito \u201cEscolho para Sumo Pont\u00edfice\u201d e cada cardeal escreve um nome. Se algum nome recolher o n\u00famero de votos necess\u00e1rio, o cardeal decano (J. Ratzinger) pergunta: \u201cAceitas a elei\u00e7\u00e3o can\u00f3nica para Sumo Pont\u00edfice?\u201d Dado o consentimento, volta a perguntar: \u201cComo queres ser chamado?\u201d E termina o conclave. Na chamin\u00e9 aparece o famoso fumo branco, os sinos come\u00e7am a tocar, o cardeal decano anuncia ao mundo \u201cHabemus Papam\u201d, e o novo papa, com as vestes de Sumo Pont\u00edfice, aparece \u00e0 janela para a sauda\u00e7\u00e3o e b\u00ean\u00e7\u00e3o \u201curbi et orbi\u201d (\u201c\u00e0 cidade de Roma e ao mundo\u201d).<\/p>\n<p>\u2022 O CV deixa aqui os nomes mais anunciados na imprensa quando se fala do pr\u00f3ximo Papa. Na pr\u00f3xima semana (o conclave come\u00e7a no dia 18), talvez o leitor j\u00e1 saiba se o velho ad\u00e1gio \u201cquem entra Papa sai cardeal\u201d se confirmou ou n\u00e3o. Karol Woytila n\u00e3o estava entre os \u201cpapabile\u201d de 1978.<\/p>\n<p>Dionigi Tettamanzi, 71 anos, arcebispo de Mil\u00e3o, a maior diocese da Europa (de onde veio Paulo VI). Ajudou Jo\u00e3o Paulo II em enc\u00edclicas relacionadas com a fam\u00edlia e bio\u00e9tica. Pr\u00f3ximo da Opus Dei.<\/p>\n<p>Francis Arinze, 72 anos, nigeriano, prefeito da Congrega\u00e7\u00e3o para o Culto Divino. Converteu-se do animismo ao catolicismo, quando tinha 9 anos. Especialista em as-suntos do Isl\u00e3o.<\/p>\n<p>Cl\u00e1udio Humes, 70 anos, arcebispo de S\u00e3o Paulo. Franciscano de origem, doutorado em Filosofia, defensor dos direitos humanos, valoriza o ecumenismo.<\/p>\n<p>\u00d3scar Maradiaga, 62 anos, arcebispo de Tegucigalpa (Honduras). Presidiu \u00e0 organiza\u00e7\u00e3o dos bispos da Am\u00e9rica Latina. De personalidade forte, \u00e9 dos mais referenciados. Sabe portugu\u00eas.<\/p>\n<p>Joseph Ratzinger, 78 anos, alem\u00e3o, prefeito da Congrega\u00e7\u00e3o para a Doutrina da F\u00e9. Te\u00f3logo brilhante no conc\u00edlio e p\u00f3s-conc\u00edlio (criador da revista Communio), foi arcebispo de Munique. Se for eleito, diz-se, ser\u00e1 o \u201cpapa da continuidade\u201d.<\/p>\n<p>Angelo Scola, 63 anos, patriarca de Veneza (que deu, nos tempos recentes, Jo\u00e3o XXIII e Jo\u00e3o Paulo I). Doutorado em Filosofia e Teologia, pertence ao movimento Comunh\u00e3o e Liberta\u00e7\u00e3o.<\/p>\n<p>Jos\u00e9 Policarpo, 69 anos, patriarca de Lisboa. Impulsionador (com outros bispos europeus) da \u201cnova evangeliza\u00e7\u00e3o\u201d em grandes cidades europeias, disse, numa entrevista recente, que a Igreja tem de dar mais aten\u00e7\u00e3o ao \u201chomo urbanus\u201d. Te\u00f3logo do p\u00f3s-conc\u00edlio, com a tese \u201cSinais dos Tempos\u201d, e antigo reitor da Universidade Cat\u00f3lica, \u00e9 visto pela imprensa internacional (atenta a iniciativas como \u201cTaiz\u00e9 em Lisboa\u201d ou o encontro inter-religioso promovido pela Comunidade de Santo Eg\u00eddio na capital portuguesa) como dialogan-te e ponte entre a Europa, a Am\u00e9rica Latina e a \u00c1frica. Pode constituir uma \u201csolu\u00e7\u00e3o de compromisso\u201d. A caminho de Roma, D. Jos\u00e9 disse: \u201cEspero voltar o mais rapidamente poss\u00edvel\u201d [\u00e0 diocese de Lisboa]. Perante a insist\u00eancia dos jornalistas, acabou por afirmar que, se for eleito, escolhe o nome de \u201cClemente\u201d.<\/p>\n<p>Al\u00e9m destes nomes, aparecem ainda referidos Christoph Schoenborn (austr\u00edaco), Jorge Bergoglio (argentino), Ivan Dias (indiano), Ant\u00f3nio Varela (espanhol), Dar\u00edo C. Hoyos (colombiano), Norberto R. Carrera (mexicano), Grancisco Ossa (chileno), Godfried Danneels (belga), Walter Kasper (alem\u00e3o) e os italianos Ennio Antonelli, Angelo Sodano, Tarc\u00edsio Bertone, Crescenzio Sepe, Giovanni Battista Re, Camillo Ruini e Carlo Maria Martini. Este \u00faltimo, jesu\u00edta, anterior bispo de Mil\u00e3o, surgiu durante muitos anos como favorito para a cadeira de Pedro.<\/p>\n","protected":false},"excerpt":{"rendered":"<p>\u2022 Quinze longos minutos durou o aplauso popular no \u00faltimo adeus a Jo\u00e3o Paulo II, no final do funeral, no dia 8 de Abril. Karol Woytila est\u00e1 agora sepultado no interior da cripta da bas\u00edlica de S. Pedro, perto da zona onde est\u00e1 sepultado o primeiro Papa. \u2022 Cerca de dois milh\u00f5es e 600 mil [&hellip;]<\/p>\n","protected":false},"author":1,"featured_media":0,"comment_status":"open","ping_status":"open","sticky":false,"template":"","format":"standard","meta":{"footnotes":""},"categories":[44],"tags":[],"class_list":["post-16903","post","type-post","status-publish","format-standard","hentry","category-igreja"],"_links":{"self":[{"href":"https:\/\/sites.ecclesia.pt\/cv\/wp-json\/wp\/v2\/posts\/16903","targetHints":{"allow":["GET"]}}],"collection":[{"href":"https:\/\/sites.ecclesia.pt\/cv\/wp-json\/wp\/v2\/posts"}],"about":[{"href":"https:\/\/sites.ecclesia.pt\/cv\/wp-json\/wp\/v2\/types\/post"}],"author":[{"embeddable":true,"href":"https:\/\/sites.ecclesia.pt\/cv\/wp-json\/wp\/v2\/users\/1"}],"replies":[{"embeddable":true,"href":"https:\/\/sites.ecclesia.pt\/cv\/wp-json\/wp\/v2\/comments?post=16903"}],"version-history":[{"count":0,"href":"https:\/\/sites.ecclesia.pt\/cv\/wp-json\/wp\/v2\/posts\/16903\/revisions"}],"wp:attachment":[{"href":"https:\/\/sites.ecclesia.pt\/cv\/wp-json\/wp\/v2\/media?parent=16903"}],"wp:term":[{"taxonomy":"category","embeddable":true,"href":"https:\/\/sites.ecclesia.pt\/cv\/wp-json\/wp\/v2\/categories?post=16903"},{"taxonomy":"post_tag","embeddable":true,"href":"https:\/\/sites.ecclesia.pt\/cv\/wp-json\/wp\/v2\/tags?post=16903"}],"curies":[{"name":"wp","href":"https:\/\/api.w.org\/{rel}","templated":true}]}}