{"id":16909,"date":"2006-04-03T14:44:00","date_gmt":"2006-04-03T14:44:00","guid":{"rendered":"http:\/\/localhost:81\/wp1\/?p=16909"},"modified":"2006-04-03T14:44:00","modified_gmt":"2006-04-03T14:44:00","slug":"formar-uma-comunidade-mais-participativa","status":"publish","type":"post","link":"https:\/\/sites.ecclesia.pt\/cv\/formar-uma-comunidade-mais-participativa\/","title":{"rendered":"Formar uma comunidade mais participativa"},"content":{"rendered":"<p>Objectivo da &#8220;Heran\u00e7a Cultural na sala de aula&#8221; <!--more--> Pedro Silva, vereador do pelouro da cultura da C\u00e2mara Municipal de Aveiro, apontou como principais objectivos da terceira edi\u00e7\u00e3o da \u201cHeran\u00e7a Cultural na Sala de Aula\u201d, o desejo de \u201cfalarmos de um conjunto de temas do nosso quotidiano, como a paisagem, o urbanismo, o patrim\u00f3nio constru\u00eddo, as circunst\u00e2ncias em que n\u00f3s vivemos\u201d, numa perspectiva \u201cmais aprofundada e pormenorizada. J\u00e1 n\u00e3o numa no\u00e7\u00e3o muito gen\u00e9rica, mas aprofundada, para uma percep\u00e7\u00e3o do nosso quotidiano, que requer um texto e um conhecimento cultural relativamente importante. \u00c9 o patamar seguinte das duas primeiras edi\u00e7\u00f5es\u201d.<\/p>\n<p>A edi\u00e7\u00e3o deste ano privilegia a rela\u00e7\u00e3o cultura e desenvolvimento econ\u00f3mico, j\u00e1 que, como sublinha Pedro Silva, a autarquia considera \u201cos gastos na cultura como um investimento na cultura. Cada vez mais isso \u00e9 vis\u00edvel na defesa do mosaico cultural em que vivemos, seja tamb\u00e9m por aquilo que a ind\u00fastria cultural d\u00e1 a ganhar na hotelaria, na restaura\u00e7\u00e3o, nos transportes e em toda uma pan\u00f3plia grande do desenvolvimento local\u201d. Por isso, na sess\u00e3o inaugural, o orador convidado foi o arque\u00f3logo Cl\u00e1udio Torres, que conseguiu fazer do Campo Arqueol\u00f3gico de M\u00e9rtola o principal factor de desenvolvimento econ\u00f3mico daquela regi\u00e3o alentejana.<\/p>\n<p>Como o pr\u00f3prio nome indica \u2013 \u201cHeran\u00e7a cultural na sala de aula\u201d, esta iniciativa visa formar \u201cuma comunidade mais informada, porque, se tivermos uma comunidade mais informada, ampliamos a sua dimens\u00e3o cr\u00edtica e os seus graus de participa\u00e7\u00e3o\u201d, remata o vereador da cultura aveirense. <\/p>\n<p>O curso \u201cHeran\u00e7a cultural na sala de aula\u201d prossegue no dia 18 de Abril, com a palestra \u201cPatrim\u00f3nio edificado e turismo \/ Turismo, cidade, cultura e globaliza\u00e7\u00e3o\u201d, por Cl\u00e1u-dia Henriques, da Escola Superior de Gest\u00e3o, Hotelaria e Turismo da Universidade do Algarve. No dia 2 de Maio, ser\u00e1 apresentada a palestra \u201cTurismo de promo\u00e7\u00e3o do patrim\u00f3nio cultural \/ Estrat\u00e9gias de divulga\u00e7\u00e3o da regi\u00e3o de Aveiro no \u00e2mbito da promo\u00e7\u00e3o de Portugal al\u00e9m fronteiras\u201d, por Fl\u00e1vio Lopes, da Direc\u00e7\u00e3o Regional de Lisboa do IPPAR \u2013 Instituto Portugu\u00eas do Patrim\u00f3nio Arquitect\u00f3nico. <\/p>\n<p>C. F.<\/p>\n","protected":false},"excerpt":{"rendered":"<p>Objectivo da &#8220;Heran\u00e7a Cultural na sala de aula&#8221;<\/p>\n","protected":false},"author":1,"featured_media":0,"comment_status":"open","ping_status":"open","sticky":false,"template":"","format":"standard","meta":{"footnotes":""},"categories":[63],"tags":[],"class_list":["post-16909","post","type-post","status-publish","format-standard","hentry","category-aveiro"],"_links":{"self":[{"href":"https:\/\/sites.ecclesia.pt\/cv\/wp-json\/wp\/v2\/posts\/16909","targetHints":{"allow":["GET"]}}],"collection":[{"href":"https:\/\/sites.ecclesia.pt\/cv\/wp-json\/wp\/v2\/posts"}],"about":[{"href":"https:\/\/sites.ecclesia.pt\/cv\/wp-json\/wp\/v2\/types\/post"}],"author":[{"embeddable":true,"href":"https:\/\/sites.ecclesia.pt\/cv\/wp-json\/wp\/v2\/users\/1"}],"replies":[{"embeddable":true,"href":"https:\/\/sites.ecclesia.pt\/cv\/wp-json\/wp\/v2\/comments?post=16909"}],"version-history":[{"count":0,"href":"https:\/\/sites.ecclesia.pt\/cv\/wp-json\/wp\/v2\/posts\/16909\/revisions"}],"wp:attachment":[{"href":"https:\/\/sites.ecclesia.pt\/cv\/wp-json\/wp\/v2\/media?parent=16909"}],"wp:term":[{"taxonomy":"category","embeddable":true,"href":"https:\/\/sites.ecclesia.pt\/cv\/wp-json\/wp\/v2\/categories?post=16909"},{"taxonomy":"post_tag","embeddable":true,"href":"https:\/\/sites.ecclesia.pt\/cv\/wp-json\/wp\/v2\/tags?post=16909"}],"curies":[{"name":"wp","href":"https:\/\/api.w.org\/{rel}","templated":true}]}}