{"id":16910,"date":"2006-04-03T14:44:00","date_gmt":"2006-04-03T14:44:00","guid":{"rendered":"http:\/\/localhost:81\/wp1\/?p=16910"},"modified":"2006-04-03T14:44:00","modified_gmt":"2006-04-03T14:44:00","slug":"aveiro-apoiou-publicacao-da-obra-cantares-da-cega-dop-covelo","status":"publish","type":"post","link":"https:\/\/sites.ecclesia.pt\/cv\/aveiro-apoiou-publicacao-da-obra-cantares-da-cega-dop-covelo\/","title":{"rendered":"Aveiro apoiou publica\u00e7\u00e3o da obra &#8220;Cantares da Cega dop Covelo&#8221;"},"content":{"rendered":"<p>O livro descreve a vida dos cegos que davam cantigas em troca de esmolas<\/p>\n<p>\u201cCantares da Cega do Covelo\u201d \u00e9 uma homenagem a Luc\u00eda da Concei\u00e7\u00e3o Fern\u00e1ndes, uma cantora e m\u00fasica, cega de nascen\u00e7a, que percorreu o norte de Portugal e a Galiza espalhando um tipo de cultura popular hoje praticamente extinta.<\/p>\n<p>Apresentado em Aveiro, o livro \u201cCantares da Cega do Covelo\u201d, complementado por um cd com alguns desses mesmos cantares, \u00e9 um importante trabalho de investiga\u00e7\u00e3o e divulga\u00e7\u00e3o de um patrim\u00f3nio etno-cultural quase extinto, em que, para al\u00e9m do tributo a L\u00facia Fern\u00e1ndes, o autor, Xos\u00e9 Lois Foxo, descreve a vida dos cegos que percorriam aldeias para pedirem esmola, em troca das cantigas com que alegravam esses \u201cpovos\u201d, e inventaria muitas das letras e m\u00fasicas dessas cantigas populares. \u201cForam precisamente estes m\u00fasicos an\u00f3nimos de car\u00e1cter popular que guardaram e difundiram a m\u00fasica da Galiza e do Norte de Portugal, servindo de liga\u00e7\u00e3o entre o passado e o presente\u201d, escreve Pedro Silva, vereador da cultura da autarquia aveirense, no pref\u00e1cio deste livro editado pela Escola Provincial de Gaitas da Deputaci\u00f3n de Ourense, com colabora\u00e7\u00e3o da C\u00e2mara Municipal de Aveiro e do Concello de Ourense.<\/p>\n<p>L\u00facia Fern\u00e1ndes nasceu a 22 de Julho de 1932, em S. Vicente da Raia (concelho de Chaves), onde, muito nova, come\u00e7ou a cantar e a tocar. Quando tinha 22 anos de idade, chegou \u00e0 sua terra Manuel Ant\u00f3nio Oliveira da Silva, um cantor popular, nascido em Esmoriz (concelho de Ovar), com quem se casou. Ambos cantaram em in\u00fameras terras do Norte de Portugal, da Galiza, de Le\u00e3o e das Ast\u00farias. O instrumento que tocavam para acompanhar as suas cantigas era a mandolina napolitana de quatro cordas duplas, um instrumento ent\u00e3o muito do agrado dos m\u00fasicos populares. Actualmente, L\u00facia Fern\u00e1ndes reside no lugar de Covelo (concelho de Viana do Bolo). Manuel da Silva faleceu em 2002, com 86 anos de idade. O casal teve duas filhas, Iras\u00ed e Irene, cada uma delas com tr\u00eas filhos. <\/p>\n<p>C. F.<\/p>\n","protected":false},"excerpt":{"rendered":"<p>O livro descreve a vida dos cegos que davam cantigas em troca de esmolas \u201cCantares da Cega do Covelo\u201d \u00e9 uma homenagem a Luc\u00eda da Concei\u00e7\u00e3o Fern\u00e1ndes, uma cantora e m\u00fasica, cega de nascen\u00e7a, que percorreu o norte de Portugal e a Galiza espalhando um tipo de cultura popular hoje praticamente extinta. Apresentado em Aveiro, [&hellip;]<\/p>\n","protected":false},"author":1,"featured_media":0,"comment_status":"open","ping_status":"open","sticky":false,"template":"","format":"standard","meta":{"footnotes":""},"categories":[63],"tags":[],"class_list":["post-16910","post","type-post","status-publish","format-standard","hentry","category-aveiro"],"_links":{"self":[{"href":"https:\/\/sites.ecclesia.pt\/cv\/wp-json\/wp\/v2\/posts\/16910","targetHints":{"allow":["GET"]}}],"collection":[{"href":"https:\/\/sites.ecclesia.pt\/cv\/wp-json\/wp\/v2\/posts"}],"about":[{"href":"https:\/\/sites.ecclesia.pt\/cv\/wp-json\/wp\/v2\/types\/post"}],"author":[{"embeddable":true,"href":"https:\/\/sites.ecclesia.pt\/cv\/wp-json\/wp\/v2\/users\/1"}],"replies":[{"embeddable":true,"href":"https:\/\/sites.ecclesia.pt\/cv\/wp-json\/wp\/v2\/comments?post=16910"}],"version-history":[{"count":0,"href":"https:\/\/sites.ecclesia.pt\/cv\/wp-json\/wp\/v2\/posts\/16910\/revisions"}],"wp:attachment":[{"href":"https:\/\/sites.ecclesia.pt\/cv\/wp-json\/wp\/v2\/media?parent=16910"}],"wp:term":[{"taxonomy":"category","embeddable":true,"href":"https:\/\/sites.ecclesia.pt\/cv\/wp-json\/wp\/v2\/categories?post=16910"},{"taxonomy":"post_tag","embeddable":true,"href":"https:\/\/sites.ecclesia.pt\/cv\/wp-json\/wp\/v2\/tags?post=16910"}],"curies":[{"name":"wp","href":"https:\/\/api.w.org\/{rel}","templated":true}]}}