{"id":17,"date":"2006-04-03T14:44:00","date_gmt":"2006-04-03T14:44:00","guid":{"rendered":"http:\/\/localhost:81\/wp1\/?p=17"},"modified":"2006-04-03T14:44:00","modified_gmt":"2006-04-03T14:44:00","slug":"leigos-num-hino-de-gratidao-a-joao-paulo-ii","status":"publish","type":"post","link":"https:\/\/sites.ecclesia.pt\/cv\/leigos-num-hino-de-gratidao-a-joao-paulo-ii\/","title":{"rendered":"Leigos num hino de gratid\u00e3o a Jo\u00e3o Paulo II"},"content":{"rendered":"<p>No 25\u00ba anivers\u00e1rio do pontificado do Papa <!--more--> Falar dos 25 anos do pontificado de Jo\u00e3o Paulo II, o Papa que veio do Leste certamente para iniciar uma nova era na Igreja Cat\u00f3lica, marcada impressivamente por um testemunho apost\u00f3lico sem paralelo na hist\u00f3ria, \u00e9 coisa f\u00e1cil e simultaneamente dif\u00edcil. Evocar um sem-n\u00famero de acontecimentos, lembrar gestos que comoveram o mundo, dizer o que nos vai na alma por tudo o que ele nos ensinou, sugeriu e pediu \u00e9 mesmo tarefa  que nos deixa com a certeza da nossa pequenez. <\/p>\n<p>Ser\u00e1 normal citar enc\u00edclicas, exorta\u00e7\u00f5es e cartas apost\u00f3licas com que catequizou os cat\u00f3licos e ofereceu aos homens de boa vontade, ao lado de um incalcul\u00e1vel n\u00famero de documentos, mensagens, audi\u00eancias, encontros, peregrina\u00e7\u00f5es e viagens apost\u00f3licas; ser\u00e1 simples recordar gestos e frases que ficaram na mem\u00f3ria e na alma de milh\u00f5es de pessoas, crentes e n\u00e3o crentes; ser\u00e1 compreens\u00edvel preservar no cora\u00e7\u00e3o os seus encontros ecum\u00e9nicos e inter-religiosos, numa atitude \u00fanica de aproximar povos e cren\u00e7as durante s\u00e9culos de costas voltadas. Dif\u00edcil ser\u00e1 explicar o que sentimos ao fixar os nossos olhares na ternura que dele brota com uma naturalidade que cativa; na f\u00e9 alicer\u00e7ada em Cristo que dele irradia; e na convic\u00e7\u00e3o do seu testemunho alimentado por Deus. <\/p>\n<p>Correio do Vouga tem tido o privil\u00e9gio de ouvir imensa gente que nunca fugiu a falar do Papa, registando com agrado esperado a gratid\u00e3o un\u00e2nime de todos pelos 25 anos de Jo\u00e3o Pulo II na cadeira de Pedro. E nesta edi\u00e7\u00e3o d\u00e1 a palavra a quatro leigos que n\u00e3o se esquivaram, antes mostraram alegria, a dar-nos o seu testemunho, tantas vezes comovido.<\/p>\n<p>Neves Vieira, vereador da C\u00e2mara Municipal de \u00cdlhavo, sublinha que o pontificado de Jo\u00e3o Paulo II \u201cnos d\u00e1 a certeza de que Cristo est\u00e1 vivo e habita entre n\u00f3s. A sua disponibilidade, o seu amor para com os homens do nosso tempo e a coragem com que enfrenta dificuldades, problemas e desafios do mundo actual traduzem de forma bela e santa o projecto de salva\u00e7\u00e3o que Deus tem para com todos os humanos reflectidos em Jesus Cristo\u201d. <\/p>\n<p>Recorda o seu carisma na defesa \u201cdos valores da vida, do amor, da paz, da fraternidade e da felicidade humana\u201d, como \u201ctra\u00e7os  principais da sua mensagem\u201d, mas tamb\u00e9m n\u00e3o esquece \u201co fermento que se produz influenciado pela atitude  e forma de estar na vida e na Igreja deste Papa\u201d, fermento esse que \u201cest\u00e1 a trazer novos homens, novas mulheres e novas gera\u00e7\u00f5es, onde prevalecer\u00e3o o amor e a paz\u201d.<\/p>\n<p>Para a Cl\u00e1udia Ventura, presidente nacional da Pastoral Oper\u00e1ria, o Papa \u201c\u00e9 algu\u00e9m muito presente, muito pr\u00f3ximo e muito humano e com uma for\u00e7a interior capaz de nos transmitir um testemunho de vida e de f\u00e9 muito rico e contagiante\u201d. Mas \u00e9 tamb\u00e9m \u201cum exemplo de uma maior abertura da Igreja ao mundo, actuando sempre de uma for-ma discreta e muito eficaz\u201d. Para esta dirigente, Jo\u00e3o Pau-lo II fomentou o ecumenismo e \u201cvalorizou a vertente social, na defesa dos mais pobres, particularmente no mundo do trabalho\u201d,  ao mesmo tempo que  incita os leigos a exercerem a sua ac\u00e7\u00e3o em todos os ambientes. E lembra como ficou \u201carrepiada\u201d ao sentir e viver o sil\u00eancio de um milh\u00e3o de jovens  que escutavam as suas palavras serenas e a exig\u00eancia \u201cde muita f\u00e9 e esperan\u00e7a na juventude\u201d.<\/p>\n<p>Jo\u00e3o Paulo Ferreira, finalista de Engenharia do Ambiente da UA, sublinha que o Papa levou \u00e0 pr\u00e1tica o Vaticano II, enquanto recorda como ele \u201corou em frente ao Muro das Lamenta\u00e7\u00f5es\u201d e como pediu perd\u00e3o \u201c70X7\u201d pelos antigos erros da Igreja, \u201ccometidos contra os irm\u00e3os de outras cren\u00e7as\u201d. Mas ainda frisa a forma como ele \u201ccativa milh\u00f5es de jovens\u201d, tal como salienta  o gesto de pedir aos cat\u00f3licos \u201cpara acompanharem o jejum dos seus irm\u00e3os mu\u00e7ulmanos, durante o \u00faltimo Ramad\u00e3o\u201d.<\/p>\n<p>Para a F\u00e1tima Dolores, educadora-de-inf\u00e2ncia, Jo\u00e3o Paulo II, \u201cuma vida iluminada\u201d, mostra no seu pontificado como tem a Fam\u00edlia, \u201cno seu todo e nos seus elementos\u201d, no esp\u00edrito e nos projectos apost\u00f3licos. \u201cAinda ecoa no ouvido do nosso cora\u00e7\u00e3o a m\u00fasica da grande divisa que um dia proclamou \u2014 \u2018FAM\u00cdLIA, TORNA-TE AQUILO QUE \u00c9S!\u2019 \u2014, que uniu for\u00e7as, pa\u00edses, comunidades, pasto-rais e celebra\u00e7\u00f5es\u201d.  Mas tamb\u00e9m que \u201cfez caminhar fam\u00edlias, unir esposos, pais  e filhos\u201d. E v\u00ea nele um irm\u00e3o que admira no rega\u00e7o da M\u00c3E  do REDENTOR que, por des\u00edgnio de Deus, se fez sua M\u00e3e tamb\u00e9m.<\/p>\n<p>A F\u00e1tima Dolores, por\u00e9m, n\u00e3o deixa de recordar que o Papa nos fez sentir o nosso Pa\u00eds como \u201cTerra de Santa Maria, ao  promover em F\u00e1tima, em 1994, a  Consagra\u00e7\u00e3o das Fam\u00edlias\u201d. E confessa que n\u00e3o tem palavras para descrever \u201cO Papa que se faz MENINO quando reza! O Papa que se faz AP\u00d3STOLO pela Paz! O Papa que se faz GUERREIRO pelos Homens\u201d. <\/p>\n","protected":false},"excerpt":{"rendered":"<p>No 25\u00ba anivers\u00e1rio do pontificado do Papa<\/p>\n","protected":false},"author":1,"featured_media":0,"comment_status":"open","ping_status":"open","sticky":false,"template":"","format":"standard","meta":{"footnotes":""},"categories":[38],"tags":[],"class_list":["post-17","post","type-post","status-publish","format-standard","hentry","category-destaque"],"_links":{"self":[{"href":"https:\/\/sites.ecclesia.pt\/cv\/wp-json\/wp\/v2\/posts\/17","targetHints":{"allow":["GET"]}}],"collection":[{"href":"https:\/\/sites.ecclesia.pt\/cv\/wp-json\/wp\/v2\/posts"}],"about":[{"href":"https:\/\/sites.ecclesia.pt\/cv\/wp-json\/wp\/v2\/types\/post"}],"author":[{"embeddable":true,"href":"https:\/\/sites.ecclesia.pt\/cv\/wp-json\/wp\/v2\/users\/1"}],"replies":[{"embeddable":true,"href":"https:\/\/sites.ecclesia.pt\/cv\/wp-json\/wp\/v2\/comments?post=17"}],"version-history":[{"count":0,"href":"https:\/\/sites.ecclesia.pt\/cv\/wp-json\/wp\/v2\/posts\/17\/revisions"}],"wp:attachment":[{"href":"https:\/\/sites.ecclesia.pt\/cv\/wp-json\/wp\/v2\/media?parent=17"}],"wp:term":[{"taxonomy":"category","embeddable":true,"href":"https:\/\/sites.ecclesia.pt\/cv\/wp-json\/wp\/v2\/categories?post=17"},{"taxonomy":"post_tag","embeddable":true,"href":"https:\/\/sites.ecclesia.pt\/cv\/wp-json\/wp\/v2\/tags?post=17"}],"curies":[{"name":"wp","href":"https:\/\/api.w.org\/{rel}","templated":true}]}}