{"id":17258,"date":"2009-07-15T11:51:00","date_gmt":"2009-07-15T11:51:00","guid":{"rendered":"http:\/\/localhost:81\/wp1\/?p=17258"},"modified":"2009-07-15T11:51:00","modified_gmt":"2009-07-15T11:51:00","slug":"homenagem-a-carlota-duarte-em-sessao-de-cultura-e-arte-sobre-s-to-antonio-e-s-francisco","status":"publish","type":"post","link":"https:\/\/sites.ecclesia.pt\/cv\/homenagem-a-carlota-duarte-em-sessao-de-cultura-e-arte-sobre-s-to-antonio-e-s-francisco\/","title":{"rendered":"Homenagem a Carlota Duarte em sess\u00e3o de cultura e arte sobre S.to Ant\u00f3nio e S. Francisco"},"content":{"rendered":"<p>Iniciativa da ADERAV e da Fraternidade Secular Franciscana <!--more--> A ADERAV (Associa\u00e7\u00e3o para o Estudo e Defesa do Patrim\u00f3nio Natural e Cultural da Regi\u00e3o de Aveiro), em parceria com a Fraternidade Secular Franciscana de Aveiro, promove no dia 18 de Julho, pr\u00f3ximo s\u00e1bado, uma jornada sobre as igrejas geminadas de S.to Ant\u00f3nio e S. Francisco.<\/p>\n<p>A jornada tem lugar no Centro Universit\u00e1rio F\u00e9 e Cultura (CUFC), iniciando-se pelas 9h00. Na ocasi\u00e3o ser\u00e1 homenageada, postumamente, Carlota Duarte, que impulsionou a Fraternidade Franciscana e zelou pelos dois templos.<\/p>\n<p>A iniciativa tem o seguinte programa: Interven\u00e7\u00e3o de Lu\u00eds Souto, na abertura dos trabalhos; interven\u00e7\u00f5es de Jo\u00e3o Calisto, pelas 9h30, sobre \u201cA Ordem Terceira, passado e presente\u201d, e de Isabel D\u00e2maso dos Santos, pelas 10h00, sobre \u201cS.to Ant\u00f3nio na iconografia\u201d. Pelas 10h30, Mons. Jo\u00e3o Gaspar apresenta o livro \u201cIsabel de Luz de Figueiredo\u201d, do historiador Amaro Neves, seguindo-se, pelas 11h00, a Eucaristia por Carlota Cec\u00edlia Duarte. Como homenagem a Carlota Duarte, que mereceu o reconhecimento do munic\u00edpio no passado 12 de Maio, a Fraternidade Secular Franciscana convida os aveirenses e amigos de Carlota Duarte a participarem na Eucaristia. Ap\u00f3s a celebra\u00e7\u00e3o, procede-se a uma visita guiada aos dois templos, seguindo-se o almo\u00e7o conv\u00edvio.<\/p>\n<p>Para participar nas actividades e no almo\u00e7o \u00e9 necess\u00e1rio inscrever-se, o que pode ser feito pelo e-mail aderav80@gmail.com e pelo telem\u00f3vel 962 860 567. A inscri\u00e7\u00e3o custa 15 euros e d\u00e1 direito ao livro de Amaro Neves.<\/p>\n","protected":false},"excerpt":{"rendered":"<p>Iniciativa da ADERAV e da Fraternidade Secular Franciscana<\/p>\n","protected":false},"author":1,"featured_media":0,"comment_status":"open","ping_status":"open","sticky":false,"template":"","format":"standard","meta":{"footnotes":""},"categories":[66],"tags":[],"class_list":["post-17258","post","type-post","status-publish","format-standard","hentry","category-cultura"],"_links":{"self":[{"href":"https:\/\/sites.ecclesia.pt\/cv\/wp-json\/wp\/v2\/posts\/17258","targetHints":{"allow":["GET"]}}],"collection":[{"href":"https:\/\/sites.ecclesia.pt\/cv\/wp-json\/wp\/v2\/posts"}],"about":[{"href":"https:\/\/sites.ecclesia.pt\/cv\/wp-json\/wp\/v2\/types\/post"}],"author":[{"embeddable":true,"href":"https:\/\/sites.ecclesia.pt\/cv\/wp-json\/wp\/v2\/users\/1"}],"replies":[{"embeddable":true,"href":"https:\/\/sites.ecclesia.pt\/cv\/wp-json\/wp\/v2\/comments?post=17258"}],"version-history":[{"count":0,"href":"https:\/\/sites.ecclesia.pt\/cv\/wp-json\/wp\/v2\/posts\/17258\/revisions"}],"wp:attachment":[{"href":"https:\/\/sites.ecclesia.pt\/cv\/wp-json\/wp\/v2\/media?parent=17258"}],"wp:term":[{"taxonomy":"category","embeddable":true,"href":"https:\/\/sites.ecclesia.pt\/cv\/wp-json\/wp\/v2\/categories?post=17258"},{"taxonomy":"post_tag","embeddable":true,"href":"https:\/\/sites.ecclesia.pt\/cv\/wp-json\/wp\/v2\/tags?post=17258"}],"curies":[{"name":"wp","href":"https:\/\/api.w.org\/{rel}","templated":true}]}}