{"id":17325,"date":"2009-07-29T11:39:00","date_gmt":"2009-07-29T11:39:00","guid":{"rendered":"http:\/\/localhost:81\/wp1\/?p=17325"},"modified":"2009-07-29T11:39:00","modified_gmt":"2009-07-29T11:39:00","slug":"papa-lembra-importancia-dos-avos","status":"publish","type":"post","link":"https:\/\/sites.ecclesia.pt\/cv\/papa-lembra-importancia-dos-avos\/","title":{"rendered":"Papa lembra import\u00e2ncia dos av\u00f3s"},"content":{"rendered":"<p>Os av\u00f3s, na fam\u00edlia, \u201cs\u00e3o os guardi\u00f5es e muitas vezes testemunhas dos valores fundamentais da vida\u201d, real\u00e7a <\/p>\n<p>Bento XVI<\/p>\n<p>Bento XVI presidiu no domingo, 26 de Julho, \u00e0 recita\u00e7\u00e3o do Angelus, em Aosta, junto de 5 mil pessoas, recordando a import\u00e2ncia dos av\u00f3s na educa\u00e7\u00e3o das novas gera\u00e7\u00f5es, no dia que a Igreja dedica a S. Joaquim e S. Ana, pais de Maria e av\u00f3s de Jesus.<\/p>\n<p>\u201cEsta data faz-nos pensar no tema da educa\u00e7\u00e3o que ocupa um lugar importante na pastoral da Igreja. Em especial, convida-nos a rezar pelos av\u00f3s, que na fam\u00edlia s\u00e3o os guardi\u00f5es e muitas vezes testemunhas dos valores fundamentais da vida\u201d, afirmou.<\/p>\n<p>Segundo o Papa, a miss\u00e3o dos av\u00f3s torna-se ainda mais importante \u201cquando, por diversas raz\u00f5es, os pais n\u00e3o est\u00e3o em condi\u00e7\u00f5es de assegurar aos filhos uma adequada presen\u00e7a na fase de crescimento. \u201cConfio \u00e0 protec\u00e7\u00e3o de Santa Ana e S\u00e3o Joaquim todos os av\u00f3s do mundo e dedico-lhes uma ora\u00e7\u00e3o especial\u201d, concluiu.<\/p>\n<p>Num dos poucos compromissos p\u00fablicos durante o per\u00edodo de f\u00e9rias do Papa, que se prolonga at\u00e9 hoje, a localidade dos Alpes italianos vestiu-se de festa para acolher Bento XVI, que voltou a surgir limitado nos seus movimentos por causa do punho fracturado h\u00e1 quase duas semanas.<\/p>\n<p>O Papa lembrou os que o acompanharam no Hospital depois deste acidente. Bento XVI foi submetido no s\u00e1bado a um exame m\u00e9dico para controlar o estado da fractura, que obrigou a uma cirurgia, e est\u00e1 a evoluir favoravelmente, anunciou o porta-voz do Vaticano, Pe. Federico Lombardi.<\/p>\n<p>Padres \u201cnas m\u00e3os de Jesus\u201d<\/p>\n<p>Na sua habitual reflex\u00e3o antes do Angelus, o Papa deixou conselhos aos padres de todo o mundo, afirmando que \u201cperante a grandeza da miss\u00e3o, cada sacerdote deve colocar-se nas m\u00e3os de Jesus, sem desencorajar\u201d.<\/p>\n<p>\u201cPrecisamente colocando nas suas m\u00e3os santas e vener\u00e1veis o pouco que eles s\u00e3o, os sacerdotes tornam-se instrumentos de salva\u00e7\u00e3o para tantos, para todos\u201d, observou.<\/p>\n","protected":false},"excerpt":{"rendered":"<p>Os av\u00f3s, na fam\u00edlia, \u201cs\u00e3o os guardi\u00f5es e muitas vezes testemunhas dos valores fundamentais da vida\u201d, real\u00e7a Bento XVI Bento XVI presidiu no domingo, 26 de Julho, \u00e0 recita\u00e7\u00e3o do Angelus, em Aosta, junto de 5 mil pessoas, recordando a import\u00e2ncia dos av\u00f3s na educa\u00e7\u00e3o das novas gera\u00e7\u00f5es, no dia que a Igreja dedica a [&hellip;]<\/p>\n","protected":false},"author":1,"featured_media":0,"comment_status":"open","ping_status":"open","sticky":false,"template":"","format":"standard","meta":{"footnotes":""},"categories":[55],"tags":[],"class_list":["post-17325","post","type-post","status-publish","format-standard","hentry","category-igreja-no-mundo"],"_links":{"self":[{"href":"https:\/\/sites.ecclesia.pt\/cv\/wp-json\/wp\/v2\/posts\/17325","targetHints":{"allow":["GET"]}}],"collection":[{"href":"https:\/\/sites.ecclesia.pt\/cv\/wp-json\/wp\/v2\/posts"}],"about":[{"href":"https:\/\/sites.ecclesia.pt\/cv\/wp-json\/wp\/v2\/types\/post"}],"author":[{"embeddable":true,"href":"https:\/\/sites.ecclesia.pt\/cv\/wp-json\/wp\/v2\/users\/1"}],"replies":[{"embeddable":true,"href":"https:\/\/sites.ecclesia.pt\/cv\/wp-json\/wp\/v2\/comments?post=17325"}],"version-history":[{"count":0,"href":"https:\/\/sites.ecclesia.pt\/cv\/wp-json\/wp\/v2\/posts\/17325\/revisions"}],"wp:attachment":[{"href":"https:\/\/sites.ecclesia.pt\/cv\/wp-json\/wp\/v2\/media?parent=17325"}],"wp:term":[{"taxonomy":"category","embeddable":true,"href":"https:\/\/sites.ecclesia.pt\/cv\/wp-json\/wp\/v2\/categories?post=17325"},{"taxonomy":"post_tag","embeddable":true,"href":"https:\/\/sites.ecclesia.pt\/cv\/wp-json\/wp\/v2\/tags?post=17325"}],"curies":[{"name":"wp","href":"https:\/\/api.w.org\/{rel}","templated":true}]}}