{"id":17393,"date":"2011-05-25T09:50:00","date_gmt":"2011-05-25T09:50:00","guid":{"rendered":"http:\/\/localhost:81\/wp1\/?p=17393"},"modified":"2011-05-25T09:50:00","modified_gmt":"2011-05-25T09:50:00","slug":"o-acampamento","status":"publish","type":"post","link":"https:\/\/sites.ecclesia.pt\/cv\/o-acampamento\/","title":{"rendered":"O acampamento"},"content":{"rendered":"<p>Ponta de Lan\u00e7a <!--more--> As pra\u00e7as centrais das cidades, a come\u00e7ar em Madrid, e a estender-se pela Europa d\u00e3o express\u00e3o aos ventos \u201csu\u00e3o\u201d que desde o in\u00edcio deste ano abalam a bacia Mediterr\u00e2nica e atingem o cora\u00e7\u00e3o Velho Continente.<\/p>\n<p>Se mais nada houver em comum \u2013 o debate sobre as origens das motiva\u00e7\u00f5es j\u00e1 est\u00e1 lan\u00e7ado \u2013 h\u00e1 algo que \u00e9 coincidente, a via de propaga\u00e7\u00e3o da mensagem, da interpela\u00e7\u00e3o: as novas tecnologias da informa\u00e7\u00e3o e comunica\u00e7\u00e3o! Ou seja, pensamos que j\u00e1 nem se poder\u00e1 dizer \u201cnovas\u201d; o meio est\u00e1 a\u00ed, dispon\u00edvel, assumido, assimilado.<\/p>\n<p>Caminhamos assim, quem sabe, com contributos determinantes para a consuma\u00e7\u00e3o da mudan\u00e7a, com a devida v\u00e9nia ao Prof Jorge Carvalhais, ao revisitarmos a mesma sensibilidade liter\u00e1ria que apresentou no \u00faltimo n\u00famero do Correio do Vouga,  incentivada pelo \u201cIndignai-vos\u201d, de St\u00e9phane Hessel, que aos 93 anos, o her\u00f3i da Resist\u00eancia francesa, nascido em Berlim em 1917, sobrevivente dos campos de concentra\u00e7\u00e3o nazis e um dos redactores da Declara\u00e7\u00e3o Universal dos Direitos Humanos, continua o testemunho impressionante de uma vida a erguer-se contra os perigos da inac\u00e7\u00e3o: \u00abA minha longa vida deu-me uma s\u00e9rie de motivos para me indignar\u00bb. <\/p>\n<p>Neste breve manifesto, para o facto de existirem hoje tantos e t\u00e3o s\u00e9rios motivos para a indigna\u00e7\u00e3o como no tempo em que o nacionalsocialismo amea\u00e7ava o mundo livre. Se procurarmos, certamente encontraremos raz\u00f5es para a indigna\u00e7\u00e3o: o fosso crescente entre muito pobres e muito ricos, o estado do planeta, o desrespeito pelos emigrantes e pelos direitos humanos, a ditadura intoler\u00e1vel dos mercados financeiros, a injusti\u00e7a social, entre tantos outros.  <\/p>\n<p>Os \u201cacampamentos da Europa\u201d ser\u00e3o, porventura, um sinal exemplificativo do apelo de St\u00e9phane Hessel, procurar  no mundo que nos rodeia os motivos para a insurrei\u00e7\u00e3o pac\u00edfica, pois \u201ccabe-nos a todos em conjunto zelar para que a nossa sociedade se mantenha uma sociedade qual nos orgulhemos.\u201d<\/p>\n<p>\u00c9 que isto est\u00e1 a ser demais!?<\/p>\n<p>Desportivamente\u2026 <\/p>\n<p>&#8230; pelo desporto.<\/p>\n","protected":false},"excerpt":{"rendered":"<p>Ponta de Lan\u00e7a<\/p>\n","protected":false},"author":1,"featured_media":0,"comment_status":"open","ping_status":"open","sticky":false,"template":"","format":"standard","meta":{"footnotes":""},"categories":[62],"tags":[],"class_list":["post-17393","post","type-post","status-publish","format-standard","hentry","category-opiniao"],"_links":{"self":[{"href":"https:\/\/sites.ecclesia.pt\/cv\/wp-json\/wp\/v2\/posts\/17393","targetHints":{"allow":["GET"]}}],"collection":[{"href":"https:\/\/sites.ecclesia.pt\/cv\/wp-json\/wp\/v2\/posts"}],"about":[{"href":"https:\/\/sites.ecclesia.pt\/cv\/wp-json\/wp\/v2\/types\/post"}],"author":[{"embeddable":true,"href":"https:\/\/sites.ecclesia.pt\/cv\/wp-json\/wp\/v2\/users\/1"}],"replies":[{"embeddable":true,"href":"https:\/\/sites.ecclesia.pt\/cv\/wp-json\/wp\/v2\/comments?post=17393"}],"version-history":[{"count":0,"href":"https:\/\/sites.ecclesia.pt\/cv\/wp-json\/wp\/v2\/posts\/17393\/revisions"}],"wp:attachment":[{"href":"https:\/\/sites.ecclesia.pt\/cv\/wp-json\/wp\/v2\/media?parent=17393"}],"wp:term":[{"taxonomy":"category","embeddable":true,"href":"https:\/\/sites.ecclesia.pt\/cv\/wp-json\/wp\/v2\/categories?post=17393"},{"taxonomy":"post_tag","embeddable":true,"href":"https:\/\/sites.ecclesia.pt\/cv\/wp-json\/wp\/v2\/tags?post=17393"}],"curies":[{"name":"wp","href":"https:\/\/api.w.org\/{rel}","templated":true}]}}